{"id":48283,"date":"2019-07-25T05:00:52","date_gmt":"2019-07-25T09:00:52","guid":{"rendered":"https:\/\/linitiative.ca\/International\/zetchi-decide-de-faire-de-la-resistance\/"},"modified":"2019-07-25T05:00:52","modified_gmt":"2019-07-25T09:00:52","slug":"zetchi-decide-de-faire-de-la-resistance","status":"publish","type":"post","link":"https:\/\/linitiative.ca\/International\/zetchi-decide-de-faire-de-la-resistance\/","title":{"rendered":"Zetchi d\u00e9cide de faire de la r\u00e9sistance"},"content":{"rendered":"<h4 class=\"title-14\">En disgr\u00e2ce aupr\u00e8s des autorit\u00e9s<\/h4>\n<div class=\"featured_image\"><img width=\"800\" height=\"521\" data-cfsrc=\"https:\/\/www.elwatan.com\/wp-content\/uploads\/2019\/07\/Sans-titre-1-219.gif\" class=\"attachment-post-thumbnail size-post-thumbnail wp-post-image c2\" alt=\"\"\/><noscript><\/p>\n<p><img loading=\"lazy\" decoding=\"async\" width=\"800\" height=\"521\" src=\"https:\/\/www.elwatan.com\/wp-content\/uploads\/2019\/07\/Sans-titre-1-219.gif\" class=\"attachment-post-thumbnail size-post-thumbnail wp-post-image\" alt=\"\"\/><\/p>\n<p><\/noscript><\/div>\n<p class=\"p4\"><span class=\"s1\"><strong>C<\/strong><\/span>omme r\u00e9v\u00e9l\u00e9 par <em>El Watan<\/em> dans sa derni\u00e8re livraison, le pr\u00e9sident de la F\u00e9d\u00e9ration alg\u00e9rienne de football (FAF), Kheireddine Zetchi, est en disgr\u00e2ce avec les hautes autorit\u00e9s du pays, en particulier la Pr\u00e9sidence, et le chef de l\u2019Etat, Abdelkader Bensalah, en raison de son <em>\u00abattitude\u00bb<\/em> et celle de l\u2019\u00e9quipe nationale, lors des derniers jours qui ont pr\u00e9c\u00e9d\u00e9 la finale de la CAN-2019 et le sacre de l\u2019Alg\u00e9rie.<\/p>\n<p class=\"p4\"><span class=\"s1\">Se sentant humili\u00e9 apr\u00e8s sa mise \u00e0 l\u2019\u00e9cart lors de la c\u00e9r\u00e9monie organis\u00e9e au Palais du peuple par le chef de l\u2019Etat, samedi dernier, en l\u2019honneur des Verts,\u00a0et vivant sous forte pression depuis l\u2019\u00e9pisode de la visite de Bensalah au camp de base de la s\u00e9lection la veille de la finale de la CAN, Kheireddine Zetchi a laiss\u00e9 entendre qu\u2019il \u00e9tait d\u00e9missionnaire, m\u00eame si l\u2019int\u00e9ress\u00e9 ne s\u2019est pas exprim\u00e9 sur le sujet depuis cet affront qu\u2019il a subi.<\/span><\/p>\n<p class=\"p5\"><span class=\"s1\">A ce propos, et \u00e0 en croire certaines indiscr\u00e9tions, le patron de la FAF a d\u00e9cid\u00e9 de changer d\u2019attitude et de faire de la r\u00e9sistance en renon\u00e7ant \u00e0 l\u2019id\u00e9e de d\u00e9missionner. Sa d\u00e9mission, qui \u00e9tait imminente il y a quelques heures, est amplifi\u00e9e par certains cercles, qui ont saut\u00e9 sur l\u2019occasion pour r\u00e9gler leurs comptes avec lui. Ce dernier a d\u00e9cid\u00e9 donc de faire face et de rester \u00e0 son poste, en poursuivant son mandat \u00e0 la t\u00eate de la F\u00e9d\u00e9ration, qui court jusqu\u2019en avril 2021.<\/span><\/p>\n<p class=\"p5\"><span class=\"s1\">Il faut dire que le patron de la FAF a \u00e9t\u00e9 bien conseill\u00e9 avec des arguments en b\u00e9ton : confort\u00e9 dans son statut de patron de la FAF et de la s\u00e9lection, mais surtout par la cons\u00e9cration historique des Verts et cette 2<sup>e<\/sup> \u00e9toile africaine d\u00e9croch\u00e9e apr\u00e8s 29 ans d\u2019attente. Il y a aussi le soutien et ses relations privil\u00e9gi\u00e9es avec le s\u00e9lectionneur national, Djamel Belmadi, qui, connaissant son caract\u00e8re et les facilit\u00e9s trouv\u00e9es avec la FAF pour mener \u00e0 bien sa mission, est capable de lui embo\u00eeter le pas en cas de d\u00e9mission, ce que le pouvoir veut \u00e0 tout prix \u00e9viter, au vu de la popularit\u00e9 du coach national.<\/span><\/p>\n<p class=\"p5\"><span class=\"s1\">Ce sont autant d\u2019atouts dans les mains de Zetchi, qui font qu\u2019il \u00e9carterait d\u00e9sormais l\u2019option de la d\u00e9mission, pr\u00e9f\u00e9rant plut\u00f4t laisser couler l\u2019eau sous les ponts, faire baisser la tension et poursuivre ainsi sa mission \u00e0 la t\u00eate de la FAF.<\/span><\/p>\n<p class=\"p5\"><span class=\"s1\">En tous les cas, la d\u00e9cision de reporter la r\u00e9union du bureau f\u00e9d\u00e9ral (BF), pr\u00e9vue initialement pour aujourd\u2019hui, au Centre technique national (CTN) de Sidi Moussa pour la fin de ce mois, serait, selon certaines sources, un signe r\u00e9v\u00e9lateur sur le revirement de position de Zetchi. Pour cause\u00a0: le patron de la FAF avait song\u00e9 \u00e0 officialiser sa d\u00e9mission le plus t\u00f4t possible, et c\u2019est lors de cette r\u00e9union du BF et comme le veut la r\u00e9glementation, qu\u2019il devait la pr\u00e9senter. Mais ce ne serait d\u00e9sormais plus le cas, d\u2019o\u00f9 le report de ce BF d\u2019une semaine.<\/span><\/p>\n<p><span class=\"post-views-label\">Post Views:<\/span> <span class=\"post-views-count\">1\u00a0615<\/span><\/p>\n<p><br class=\"c4\"\/><\/p>\n<p>Auteur: Anis Khecheba<br \/>\n<a href=\"https:\/\/www.elwatan.com\/edition\/sports\/zetchi-decide-de-faire-de-la-resistance-25-07-2019\">Cliquez ici pour lire l&rsquo;article depuis sa source.<\/a><\/p>\n","protected":false},"excerpt":{"rendered":"<p>En disgr\u00e2ce aupr\u00e8s des autorit\u00e9s Comme r\u00e9v\u00e9l\u00e9 par El Watan dans sa derni\u00e8re livraison, le pr\u00e9sident de la F\u00e9d\u00e9ration alg\u00e9rienne de football (FAF), Kheireddine Zetchi, est en disgr\u00e2ce avec les hautes autorit\u00e9s du pays, en particulier la Pr\u00e9sidence, et le chef de l\u2019Etat, Abdelkader Bensalah, en raison de son \u00abattitude\u00bb et celle de l\u2019\u00e9quipe nationale, [&hellip;]<\/p>\n","protected":false},"author":1743,"featured_media":48296,"comment_status":"closed","ping_status":"closed","sticky":false,"template":"","format":"standard","meta":{"fifu_image_url":"","fifu_image_alt":"","footnotes":""},"categories":[73,53],"tags":[],"class_list":["post-48283","post","type-post","status-publish","format-standard","has-post-thumbnail","hentry","category-actualite","category-algerie"],"_links":{"self":[{"href":"https:\/\/linitiative.ca\/International\/wp-json\/wp\/v2\/posts\/48283","targetHints":{"allow":["GET"]}}],"collection":[{"href":"https:\/\/linitiative.ca\/International\/wp-json\/wp\/v2\/posts"}],"about":[{"href":"https:\/\/linitiative.ca\/International\/wp-json\/wp\/v2\/types\/post"}],"author":[{"embeddable":true,"href":"https:\/\/linitiative.ca\/International\/wp-json\/wp\/v2\/users\/1743"}],"replies":[{"embeddable":true,"href":"https:\/\/linitiative.ca\/International\/wp-json\/wp\/v2\/comments?post=48283"}],"version-history":[{"count":0,"href":"https:\/\/linitiative.ca\/International\/wp-json\/wp\/v2\/posts\/48283\/revisions"}],"wp:featuredmedia":[{"embeddable":true,"href":"https:\/\/linitiative.ca\/International\/wp-json\/"}],"wp:attachment":[{"href":"https:\/\/linitiative.ca\/International\/wp-json\/wp\/v2\/media?parent=48283"}],"wp:term":[{"taxonomy":"category","embeddable":true,"href":"https:\/\/linitiative.ca\/International\/wp-json\/wp\/v2\/categories?post=48283"},{"taxonomy":"post_tag","embeddable":true,"href":"https:\/\/linitiative.ca\/International\/wp-json\/wp\/v2\/tags?post=48283"}],"curies":[{"name":"wp","href":"https:\/\/api.w.org\/{rel}","templated":true}]}}