{"id":48284,"date":"2019-07-24T14:21:45","date_gmt":"2019-07-24T18:21:45","guid":{"rendered":"https:\/\/linitiative.ca\/International\/mila-les-jeunes-appeles-sengager-dans-le-monde-de-lentrepreneuriat\/"},"modified":"2019-07-24T14:21:45","modified_gmt":"2019-07-24T18:21:45","slug":"mila-les-jeunes-appeles-sengager-dans-le-monde-de-lentrepreneuriat","status":"publish","type":"post","link":"https:\/\/linitiative.ca\/International\/mila-les-jeunes-appeles-sengager-dans-le-monde-de-lentrepreneuriat\/","title":{"rendered":"Mila: les jeunes appel\u00e9s s\u2019engager dans le monde de l\u2019entrepreneuriat"},"content":{"rendered":"<div>\n<div class=\"K2FeedIntroText\">\n<p><strong>MILA &#8211; Les jeunes de la wilaya de Mila ont \u00e9t\u00e9 appel\u00e9s mercredi \u00e0 s\u2019engager dans le monde de l\u2019entrepreneuriat et b\u00e9n\u00e9ficier des divers dispositifs d\u2019aide \u00e0 la cr\u00e9ation de micro-entreprises par les membres d\u2019une commission du minist\u00e8re du Travail, de l\u2019Emploi et de la S\u00e9curit\u00e9 Sociale.<\/strong><\/p>\n<\/div>\n<div class=\"K2FeedFullText\">\n<p>Au si\u00e8ge de la l\u2019agence de wilaya de l\u2019emploi, Berkati Akli, inspecteur g\u00e9n\u00e9ral du travail membre de cette commission, a invit\u00e9 les jeunes \u00e0 cr\u00e9er eux-m\u00eames leurs emplois entreprises en b\u00e9n\u00e9ficiant de l\u2019appui et l\u2019accompagnement des dispositifs notamment de l\u2019ANSEJ et de la CNAC ainsi que des avantages fiscaux et parafiscaux offerts.<\/p>\n<p>Le m\u00eame cadre a insist\u00e9 sur la coordination entre les divers appareils de l\u2019emploi et la formation des jeunes porteurs de projets \u00e0 la gestion et au management.<\/p>\n<p>Il a \u00e9galement appel\u00e9 \u00e0 sensibiliser les entreprises \u00e0 respecter le taux des emplois \u00e0 r\u00e9server aux personnes \u00e0 besoins sp\u00e9cifiques et \u00e0 intensifier les contr\u00f4les.<\/p>\n<p>La commission a assist\u00e9 au si\u00e8ge de la CNAC \u00e0 la remise d\u2019attestations de financement de projets de jeunes dans le domaine agricole. Il a \u00e9t\u00e9 soulign\u00e9 \u00e0 l\u2019occasion que ces jeunes avaient b\u00e9n\u00e9fici\u00e9 au pr\u00e9alable de formation assur\u00e9 par le secteur de formation professionnelle au titre d\u2019une convention conclue avec la CNAC.<\/p>\n<p>Au si\u00e8ge du FNPOS (fonds national de p\u00e9r\u00e9quation des \u0153uvres sociales), Amine Bouderbala, membre de la commission minist\u00e9rielle, a indiqu\u00e9 que ce fonds lancera en 2020 de nouveau projets de logement \u00e0 travers les wilayas au profit de travailleurs et retrait\u00e9s avec la garantie d\u2019une aide allant de 300.000 \u00e0 500.000 DA.<\/p>\n<p>La commission minist\u00e9rielle a \u00e9galement visit\u00e9 les si\u00e8ges de l\u2019inspection du travail, de la CNAS et l\u2019ANSEJ et s\u2019est enquise du fonctionnement des organismes du secteur et des conditions d\u2019accueil des citoyens.<\/p>\n<\/div>\n<\/div>\n<p>Auteur:<br \/>\n<a href=\"http:\/\/www.aps.dz\/regions\/92426-mila-les-jeunes-appeles-s-engager-dans-le-monde-de-l-entrepreneuriat\">Cliquez ici pour lire l&rsquo;article depuis sa source.<\/a><\/p>\n","protected":false},"excerpt":{"rendered":"<p>MILA &#8211; Les jeunes de la wilaya de Mila ont \u00e9t\u00e9 appel\u00e9s mercredi \u00e0 s\u2019engager dans le monde de l\u2019entrepreneuriat et b\u00e9n\u00e9ficier des divers dispositifs d\u2019aide \u00e0 la cr\u00e9ation de micro-entreprises par les membres d\u2019une commission du minist\u00e8re du Travail, de l\u2019Emploi et de la S\u00e9curit\u00e9 Sociale. Au si\u00e8ge de la l\u2019agence de wilaya de [&hellip;]<\/p>\n","protected":false},"author":1790,"featured_media":0,"comment_status":"closed","ping_status":"closed","sticky":false,"template":"","format":"standard","meta":{"fifu_image_url":"","fifu_image_alt":"","footnotes":""},"categories":[53,76],"tags":[],"class_list":["post-48284","post","type-post","status-publish","format-standard","hentry","category-algerie","category-regions"],"_links":{"self":[{"href":"https:\/\/linitiative.ca\/International\/wp-json\/wp\/v2\/posts\/48284","targetHints":{"allow":["GET"]}}],"collection":[{"href":"https:\/\/linitiative.ca\/International\/wp-json\/wp\/v2\/posts"}],"about":[{"href":"https:\/\/linitiative.ca\/International\/wp-json\/wp\/v2\/types\/post"}],"author":[{"embeddable":true,"href":"https:\/\/linitiative.ca\/International\/wp-json\/wp\/v2\/users\/1790"}],"replies":[{"embeddable":true,"href":"https:\/\/linitiative.ca\/International\/wp-json\/wp\/v2\/comments?post=48284"}],"version-history":[{"count":0,"href":"https:\/\/linitiative.ca\/International\/wp-json\/wp\/v2\/posts\/48284\/revisions"}],"wp:attachment":[{"href":"https:\/\/linitiative.ca\/International\/wp-json\/wp\/v2\/media?parent=48284"}],"wp:term":[{"taxonomy":"category","embeddable":true,"href":"https:\/\/linitiative.ca\/International\/wp-json\/wp\/v2\/categories?post=48284"},{"taxonomy":"post_tag","embeddable":true,"href":"https:\/\/linitiative.ca\/International\/wp-json\/wp\/v2\/tags?post=48284"}],"curies":[{"name":"wp","href":"https:\/\/api.w.org\/{rel}","templated":true}]}}