{"id":48286,"date":"2019-07-25T09:46:20","date_gmt":"2019-07-25T13:46:20","guid":{"rendered":"https:\/\/linitiative.ca\/International\/syrie-douze-civils-tues-dans-des-bombardements-dans-le-nord-ouest-ong\/"},"modified":"2019-07-25T09:46:20","modified_gmt":"2019-07-25T13:46:20","slug":"syrie-douze-civils-tues-dans-des-bombardements-dans-le-nord-ouest-ong","status":"publish","type":"post","link":"https:\/\/linitiative.ca\/International\/syrie-douze-civils-tues-dans-des-bombardements-dans-le-nord-ouest-ong\/","title":{"rendered":"Syrie: douze civils tu\u00e9s dans des bombardements dans le nord-ouest (ONG)"},"content":{"rendered":"<div readability=\"32\">\n<p>Publi\u00e9 le 25.07.2019 \u00e0 14h50 par AFP<\/p>\n<\/div>\n<div readability=\"118\">\n<p>Au moins douze civils, dont trois enfants, ont \u00e9t\u00e9 tu\u00e9s jeudi dans des bombardements du r\u00e9gime de Bachar al-Assad et de son alli\u00e9 russe visant le nord-ouest de la Syrie, a indiqu\u00e9 l\u2019Observatoire syrien des droits de l\u2019Homme (OSDH).<\/p>\n<p>Soutenu par l\u2019aviation russe, le pouvoir syrien pilonne depuis pr\u00e8s de trois mois la province d\u2019Idleb domin\u00e9e par des jihadistes, ainsi que les zones adjacentes dans les r\u00e9gions limitrophes d\u2019Alep, Hama et Lattaqui\u00e9.<\/p>\n<p>Depuis le d\u00e9but de l\u2019escalade fin avril, plus de 730 civils, dont 180 enfants, ont \u00e9t\u00e9 tu\u00e9s dans les bombardements du r\u00e9gime ou de la Russie sur la r\u00e9gion d\u2019Idleb, selon l\u2019OSDH, et 330.000 personnes ont fui les violences, d\u2019apr\u00e8s l\u2019ONU.<\/p>\n<p>Jeudi, sept des victimes ont \u00e9t\u00e9 tu\u00e9es dans des raids a\u00e9riens russes, dont cinq dans la ville de Maaret al-Noomane et ses alentours, a indiqu\u00e9 l\u2019OSDH.<\/p>\n<p>Et les frappes du r\u00e9gime syrien ont tu\u00e9 cinq autres civils, dont deux enfants, dans la province voisine d\u2019Alep, d\u2019apr\u00e8s la m\u00eame source.<\/p>\n<p>La r\u00e9gion d\u2019Idleb qui \u00e9chappe au pouvoir d\u2019Assad est contr\u00f4l\u00e9e par les jihadistes de Hayat Tahrir al-Cham (HTS, ex-branche syrienne d\u2019Al-Qa\u00efda). D\u2019autres factions rebelles et jihadistes y sont pr\u00e9sentes.<\/p>\n<p>Cette r\u00e9gion accueille des centaines de milliers de personnes ayant fui les combats dans d\u2019autres zones de la Syrie en guerre ou ayant refus\u00e9 de rester dans des localit\u00e9s rebelles reprises par le r\u00e9gime.<\/p>\n<p>Lundi, pr\u00e8s de 50 civils ont p\u00e9ri dans les bombardements, dont 38 sur un march\u00e9 \u00e0 Maaret al-Noomane, selon l\u2019OSDH.<\/p>\n<p>L\u2019ONG avait point\u00e9 du doigt l\u2019aviation russe pour ce drame sur un march\u00e9 mais Moscou a d\u00e9menti toute implication.<\/p>\n<p>Jeudi, l\u2019ONG Save the Children a d\u00e9plor\u00e9 l\u2019effusion de sang, indiquant que le nombre d\u2019enfants tu\u00e9s \u00e0 Idleb ces quatre derni\u00e8res semaines d\u00e9passait d\u00e9sormais le bilan recens\u00e9 sur l\u2019ensemble de l\u2019ann\u00e9e 2018.<\/p>\n<p>\u00ab\u00a0La situation actuelle \u00e0 Idleb est un cauchemar\u00a0\u00bb, a d\u00e9plor\u00e9 Sonia Khush, directrice de l\u2019ONG en Syrie.<\/p>\n<p>Dans le m\u00eame temps, l\u2019opposition syrienne en exil, r\u00e9unie \u00e0 Istanbul, a d\u00e9plor\u00e9 \u00ab\u00a0un massacre en moyenne par jour\u00a0\u00bb.<\/p>\n<p>Son chef, Anas Abdah, a \u00e9voqu\u00e9 un \u00ab\u00a0g\u00e9nocide\u00a0\u00bb lors d\u2019une conf\u00e9rence de presse.<\/p>\n<p>Ces violences interviennent malgr\u00e9 un accord conclu en septembre 2018 entre la Russie et la Turquie, marraine de certains groupes rebelles, visant \u00e0 \u00e9viter \u00e0 Idleb une offensive d\u2019envergure des forces loyales \u00e0 Damas.<\/p>\n<p>L\u2019initiative pr\u00e9voyait une \u00ab\u00a0zone d\u00e9militaris\u00e9e\u00a0\u00bb pour s\u00e9parer les territoires tenus par les jihadistes et les rebelles des zones gouvernementales attenantes.<\/p>\n<p>D\u00e9clench\u00e9e en 2011 par la r\u00e9pression par le r\u00e9gime de Bachar al-Assad de manifestations prod\u00e9mocratie, la guerre en Syrie a fait plus de 370.000 morts et d\u00e9plac\u00e9 des millions de personnes.<\/p>\n<\/div>\n<p>Auteur: AFP<br \/>\n<a href=\"https:\/\/www.journalducameroun.com\/syrie-douze-civils-tues-dans-des-bombardements-dans-le-nord-ouest-ong\/\">Cliquez ici pour lire l&rsquo;article depuis sa source.<\/a><\/p>\n","protected":false},"excerpt":{"rendered":"<p>Publi\u00e9 le 25.07.2019 \u00e0 14h50 par AFP Au moins douze civils, dont trois enfants, ont \u00e9t\u00e9 tu\u00e9s jeudi dans des bombardements du r\u00e9gime de Bachar al-Assad et de son alli\u00e9 russe visant le nord-ouest de la Syrie, a indiqu\u00e9 l\u2019Observatoire syrien des droits de l\u2019Homme (OSDH). Soutenu par l\u2019aviation russe, le pouvoir syrien pilonne depuis [&hellip;]<\/p>\n","protected":false},"author":1965,"featured_media":0,"comment_status":"closed","ping_status":"closed","sticky":false,"template":"","format":"standard","meta":{"fifu_image_url":"","fifu_image_alt":"","footnotes":""},"categories":[73,82],"tags":[],"class_list":["post-48286","post","type-post","status-publish","format-standard","hentry","category-actualite","category-cameroun"],"_links":{"self":[{"href":"https:\/\/linitiative.ca\/International\/wp-json\/wp\/v2\/posts\/48286","targetHints":{"allow":["GET"]}}],"collection":[{"href":"https:\/\/linitiative.ca\/International\/wp-json\/wp\/v2\/posts"}],"about":[{"href":"https:\/\/linitiative.ca\/International\/wp-json\/wp\/v2\/types\/post"}],"author":[{"embeddable":true,"href":"https:\/\/linitiative.ca\/International\/wp-json\/wp\/v2\/users\/1965"}],"replies":[{"embeddable":true,"href":"https:\/\/linitiative.ca\/International\/wp-json\/wp\/v2\/comments?post=48286"}],"version-history":[{"count":0,"href":"https:\/\/linitiative.ca\/International\/wp-json\/wp\/v2\/posts\/48286\/revisions"}],"wp:attachment":[{"href":"https:\/\/linitiative.ca\/International\/wp-json\/wp\/v2\/media?parent=48286"}],"wp:term":[{"taxonomy":"category","embeddable":true,"href":"https:\/\/linitiative.ca\/International\/wp-json\/wp\/v2\/categories?post=48286"},{"taxonomy":"post_tag","embeddable":true,"href":"https:\/\/linitiative.ca\/International\/wp-json\/wp\/v2\/tags?post=48286"}],"curies":[{"name":"wp","href":"https:\/\/api.w.org\/{rel}","templated":true}]}}