{"id":48288,"date":"2019-07-25T07:41:17","date_gmt":"2019-07-25T11:41:17","guid":{"rendered":"https:\/\/linitiative.ca\/International\/la-tunisie-perd-son-president\/"},"modified":"2019-07-25T07:41:17","modified_gmt":"2019-07-25T11:41:17","slug":"la-tunisie-perd-son-president","status":"publish","type":"post","link":"https:\/\/linitiative.ca\/International\/la-tunisie-perd-son-president\/","title":{"rendered":"La Tunisie perd son Pr\u00e9sident !"},"content":{"rendered":"<p><strong>Le Pr\u00e9sident tunisien a \u00e9t\u00e9 hospitalis\u00e9 3 fois durant les deux derniers mois.<\/strong><\/p>\n<div class=\"c10\"\/>\n<p>Le chef de l\u2019\u00c9tat tunsien <strong>B\u00e9ji Ca\u00efd Essebsi<\/strong> est d\u00e9c\u00e9d\u00e9, jeudi, \u00e0 l\u2019h\u00f4pital militaire de Tunis, a annonc\u00e9 la pr\u00e9sidence de la R\u00e9publique tunisienne.<\/p>\n<p>Le pr\u00e9sident tunisien avait \u00e9t\u00e9 admis dans la soir\u00e9e de mercredi \u00e0 l\u2019h\u00f4pital militaire de Tunis. C\u2019est la 3\u00e8me fois que le pr\u00e9sident tunisien est hospitalis\u00e9 durant les deux derniers mois. \u00c2g\u00e9 de 93 ans, il avait quitt\u00e9 l\u2019h\u00f4pital militaire de Tunis le 1er juillet dernier et a regagn\u00e9 son lieu de r\u00e9sidence au Palais de Carthage apr\u00e8s l\u2019am\u00e9lioration de son \u00e9tat de sant\u00e9 suite \u00e0 \u00ab\u00a0un grave malaise\u00a0\u00bb.<\/p>\n<p>Le premier pr\u00e9sident \u00e9lu en d\u00e9cembre 2014 au suffrage d\u00e9mocratique de la <strong>Tunisie<\/strong> avait \u00e9t\u00e9 \u00e9galement hospitalis\u00e9 le 21 juin \u00e0 l\u2019h\u00f4pital militaire de Tunis pour des tests m\u00e9dicaux ordinaires \u00e0 la suite d\u2019un malaise de sant\u00e9 qualifi\u00e9 de \u00ab\u00a0l\u00e9ger\u00a0\u00bb.<\/p>\n<div class=\"c17\">\n<fieldset class=\"c16\">\n<legend><strong><span class=\"c11\">Challenge<\/span><span class=\"c12\">news<\/span><\/strong><\/legend>\n<div class=\"c15\">Le meilleur de la r\u00e9daction s\u00e9lectionn\u00e9 par Challenge :<\/p>\n<\/div>\n<\/fieldset>\n<\/div>\n<p>Auteur: Karim Handaoui<br \/>\n<a href=\"https:\/\/www.challenge.ma\/la-tunisie-perd-son-president-113738\/\">Cliquez ici pour lire l&rsquo;article depuis sa source.<\/a><\/p>\n","protected":false},"excerpt":{"rendered":"<p>Le Pr\u00e9sident tunisien a \u00e9t\u00e9 hospitalis\u00e9 3 fois durant les deux derniers mois. Le chef de l\u2019\u00c9tat tunsien B\u00e9ji Ca\u00efd Essebsi est d\u00e9c\u00e9d\u00e9, jeudi, \u00e0 l\u2019h\u00f4pital militaire de Tunis, a annonc\u00e9 la pr\u00e9sidence de la R\u00e9publique tunisienne. Le pr\u00e9sident tunisien avait \u00e9t\u00e9 admis dans la soir\u00e9e de mercredi \u00e0 l\u2019h\u00f4pital militaire de Tunis. C\u2019est la [&hellip;]<\/p>\n","protected":false},"author":1787,"featured_media":0,"comment_status":"closed","ping_status":"closed","sticky":false,"template":"","format":"standard","meta":{"fifu_image_url":"","fifu_image_alt":"","footnotes":""},"categories":[78,54],"tags":[],"class_list":["post-48288","post","type-post","status-publish","format-standard","hentry","category-economie","category-maroc"],"_links":{"self":[{"href":"https:\/\/linitiative.ca\/International\/wp-json\/wp\/v2\/posts\/48288","targetHints":{"allow":["GET"]}}],"collection":[{"href":"https:\/\/linitiative.ca\/International\/wp-json\/wp\/v2\/posts"}],"about":[{"href":"https:\/\/linitiative.ca\/International\/wp-json\/wp\/v2\/types\/post"}],"author":[{"embeddable":true,"href":"https:\/\/linitiative.ca\/International\/wp-json\/wp\/v2\/users\/1787"}],"replies":[{"embeddable":true,"href":"https:\/\/linitiative.ca\/International\/wp-json\/wp\/v2\/comments?post=48288"}],"version-history":[{"count":0,"href":"https:\/\/linitiative.ca\/International\/wp-json\/wp\/v2\/posts\/48288\/revisions"}],"wp:attachment":[{"href":"https:\/\/linitiative.ca\/International\/wp-json\/wp\/v2\/media?parent=48288"}],"wp:term":[{"taxonomy":"category","embeddable":true,"href":"https:\/\/linitiative.ca\/International\/wp-json\/wp\/v2\/categories?post=48288"},{"taxonomy":"post_tag","embeddable":true,"href":"https:\/\/linitiative.ca\/International\/wp-json\/wp\/v2\/tags?post=48288"}],"curies":[{"name":"wp","href":"https:\/\/api.w.org\/{rel}","templated":true}]}}