{"id":48290,"date":"2019-07-25T06:00:00","date_gmt":"2019-07-25T10:00:00","guid":{"rendered":"https:\/\/linitiative.ca\/International\/lancement-de-la-phase-finale-du-prix-national-aqlam-biladi-2019\/"},"modified":"2019-07-25T06:00:00","modified_gmt":"2019-07-25T10:00:00","slug":"lancement-de-la-phase-finale-du-prix-national-aqlam-biladi-2019","status":"publish","type":"post","link":"https:\/\/linitiative.ca\/International\/lancement-de-la-phase-finale-du-prix-national-aqlam-biladi-2019\/","title":{"rendered":"Lancement de la phase finale du prix national \u00abAqlam Biladi 2019\u00bb"},"content":{"rendered":"<p>La phase finale de l\u2019\u00e9dition 2019 du concours scolaire national \u00abAqlam Biladi\u00bb (plumes de mon pays), relatif \u00e0 la lecture et l&rsquo;\u00e9criture cr\u00e9ative, a d\u00e9but\u00e9 mardi dernier \u00e0 Boumerd\u00e8s, avec la participation de 33 \u00e9l\u00e8ves des trois paliers, issus de diff\u00e9rentes wilayas. Abrit\u00e9e, pour une semaine, par le lyc\u00e9e Franz-Fanon de Boumerd\u00e8s, sous le signe \u00abL\u2019\u00e9cole de qualit\u00e9, un espace d\u2019inspiration pour un bon lecteur et un \u00e9crivain cr\u00e9atif\u00bb, cette 2e \u00e9dition du genre (2018-2019) a \u00e9t\u00e9 ouverte par le directeur central charg\u00e9 des activit\u00e9s culturelles, sportives et sociales, aupr\u00e8s du minist\u00e8re de l\u2019Education nationale, en pr\u00e9sence de repr\u00e9sentants de nombreux secteurs.<br \/>Outre Boumerd\u00e8s, les \u00e9l\u00e8ves finalistes repr\u00e9sentent les wilayas de Tamanrasset, Souk Ahras, Mila, A\u00efn T\u00e9mouchent, Annaba, Guelma, Tiaret, Gharda\u00efa, Oran, Oum El-Bouaghi, El-Bayadh, Alger, Batna, B\u00e9ja\u00efa, Bordj Bou-Arr\u00e9ridj, Bouira, Biskra, Constantine, M\u00e9d\u00e9a et Tizi-Ouzou. Ces finalistes ont \u00e9t\u00e9 qualifi\u00e9s \u00e0 l\u2019issue d\u2019\u00e9liminatoires locales et r\u00e9gionales ayant mis en lice pr\u00e8s de 290 000 \u00e9l\u00e8ves de toutes les wilayas du pays.\u00a0<br \/>Le concours porte notamment sur l\u2019organisation d\u2019ateliers de lecture et d\u2019\u00e9criture, o\u00f9 le participant laissera libre cours \u00e0 sa cr\u00e9ativit\u00e9 et imagination en mati\u00e8re de prose, po\u00e9sie, nouvelles, th\u00e9\u00e2tre, entre autres. Leur encadrement est assur\u00e9 par des cadres du minist\u00e8re de l\u2019Education nationale, outre des \u00e9crivains alg\u00e9riens et des inspecteurs centraux. Sachant que le jury de cette comp\u00e9tition aura \u00e0 s\u00e9lectionner six \u0153uvres du cycle primaire, huit du cycle moyen et huit du cycle secondaire, avec une moyenne de deux \u0153uvres pour chacune des trois langues : arabe, tamazight et fran\u00e7ais.<br \/>Les laur\u00e9ats de ce concours seront r\u00e9compens\u00e9s \u00e0 l\u2019occasion de la journ\u00e9e \u00abportes ouvertes\u00bb sur le secteur de l\u2019\u00e9ducation nationale, qui sera organis\u00e9e en marge du Salon international du livre d\u2019Alger (Sila 2019), pr\u00e9vu en novembre prochain.<br \/>\u00a0\u00abCette comp\u00e9tition litt\u00e9raire en milieu scolaire vise \u00e0 encourager la lecture et l\u2019\u00e9criture cr\u00e9atives parmi les \u00e9l\u00e8ves des trois cycles (primaire, moyen et secondaire), parall\u00e8lement \u00e0 l&rsquo;encouragement de la lecture des \u0153uvres du patrimoine litt\u00e9raire nationale dans toutes les langues, tout en contribuant \u00e0 l\u2019\u00e9mergence de talents d\u2019\u00e9criture et de cr\u00e9ativit\u00e9 chez les \u00e9l\u00e8ves\u00bb, a indiqu\u00e9 le directeur de l\u2019\u00e9ducation de la wilaya de Boumerd\u00e8s, Adel Khanssous.<br \/>\u00abAqlam Biladi\u00bb se veut, \u00e9galement, un cadre pour exploiter de mani\u00e8re optimale le \u00abfond litt\u00e9raire alg\u00e9rien et ancrer l\u2019imaginaire litt\u00e9raire alg\u00e9rien d\u00e8s l\u2019\u00e9cole\u00bb, a-t-il pr\u00e9cis\u00e9.\u00a0<br \/>Des activit\u00e9s ludiques et r\u00e9cr\u00e9atives, dont des excursions et des soir\u00e9es artistiques et de d\u00e9tente, sont \u00e9galement port\u00e9es au programme de cette manifestation intellectuelle et litt\u00e9raire.\u00a0 \u00a0 \u00a0 \u00a0\u00a0<\/p>\n<p>Auteur:<br \/>\n<a href=\"https:\/\/www.lesoirdalgerie.com\/culture\/lancement-de-la-phase-finale-du-prix-national-aqlam-biladi-2019-27583\">Cliquez ici pour lire l&rsquo;article depuis sa source.<\/a><\/p>\n","protected":false},"excerpt":{"rendered":"<p>La phase finale de l\u2019\u00e9dition 2019 du concours scolaire national \u00abAqlam Biladi\u00bb (plumes de mon pays), relatif \u00e0 la lecture et l&rsquo;\u00e9criture cr\u00e9ative, a d\u00e9but\u00e9 mardi dernier \u00e0 Boumerd\u00e8s, avec la participation de 33 \u00e9l\u00e8ves des trois paliers, issus de diff\u00e9rentes wilayas. Abrit\u00e9e, pour une semaine, par le lyc\u00e9e Franz-Fanon de Boumerd\u00e8s, sous le signe [&hellip;]<\/p>\n","protected":false},"author":1741,"featured_media":0,"comment_status":"closed","ping_status":"closed","sticky":false,"template":"","format":"standard","meta":{"fifu_image_url":"","fifu_image_alt":"","footnotes":""},"categories":[73,53],"tags":[],"class_list":["post-48290","post","type-post","status-publish","format-standard","hentry","category-actualite","category-algerie"],"_links":{"self":[{"href":"https:\/\/linitiative.ca\/International\/wp-json\/wp\/v2\/posts\/48290","targetHints":{"allow":["GET"]}}],"collection":[{"href":"https:\/\/linitiative.ca\/International\/wp-json\/wp\/v2\/posts"}],"about":[{"href":"https:\/\/linitiative.ca\/International\/wp-json\/wp\/v2\/types\/post"}],"author":[{"embeddable":true,"href":"https:\/\/linitiative.ca\/International\/wp-json\/wp\/v2\/users\/1741"}],"replies":[{"embeddable":true,"href":"https:\/\/linitiative.ca\/International\/wp-json\/wp\/v2\/comments?post=48290"}],"version-history":[{"count":0,"href":"https:\/\/linitiative.ca\/International\/wp-json\/wp\/v2\/posts\/48290\/revisions"}],"wp:attachment":[{"href":"https:\/\/linitiative.ca\/International\/wp-json\/wp\/v2\/media?parent=48290"}],"wp:term":[{"taxonomy":"category","embeddable":true,"href":"https:\/\/linitiative.ca\/International\/wp-json\/wp\/v2\/categories?post=48290"},{"taxonomy":"post_tag","embeddable":true,"href":"https:\/\/linitiative.ca\/International\/wp-json\/wp\/v2\/tags?post=48290"}],"curies":[{"name":"wp","href":"https:\/\/api.w.org\/{rel}","templated":true}]}}