{"id":48292,"date":"2019-07-25T08:36:40","date_gmt":"2019-07-25T12:36:40","guid":{"rendered":"https:\/\/linitiative.ca\/International\/du-26-au-28-juillet-a-ain-leuh-19e-festival-national-dahidous\/"},"modified":"2019-07-25T08:36:40","modified_gmt":"2019-07-25T12:36:40","slug":"du-26-au-28-juillet-a-ain-leuh-19e-festival-national-dahidous","status":"publish","type":"post","link":"https:\/\/linitiative.ca\/International\/du-26-au-28-juillet-a-ain-leuh-19e-festival-national-dahidous\/","title":{"rendered":"Du 26 au 28 juillet \u00e0 Ain Leuh : 19\u00e8 Festival national d\u2019Ahidous"},"content":{"rendered":"<p><img decoding=\"async\" class=\"post_layout_5_img\" src=\"http:\/\/aujourdhui.ma\/wp-content\/uploads\/2019\/07\/Ai%CC%88n-Leuh-Ouverture-du-festival-national-de-lart-dahidous.jpg?x29840\" alt=\"Du 26 au 28 juillet \u00e0 Ain Leuh : 19\u00e8 Festival national d\u2019Ahidous\"\/><\/p>\n<p class=\"p1\"><span class=\"c4\"><strong><span class=\"s1\">La 19\u00e8me \u00e9dition du festival national d\u2019Ahidous aura lieu du 26 au 28 juillet \u00e0 Ain Leuh, sous le th\u00e8me \u00abLa pr\u00e9servation du patrimoine culturel, une protection de l\u2019identit\u00e9 et des m\u00e9canismes de d\u00e9veloppement\u00bb.<\/span><\/strong><\/span><span id=\"more-315811\"\/><\/p>\n<p class=\"p1\"><span class=\"s1\">Organis\u00e9e par le minist\u00e8re de la culture et de la communication et l\u2019Association Taimat pour les arts de l\u2019Atlas, en partenariat avec le Conseil r\u00e9gional F\u00e8s-Mekn\u00e8s, cette manifestation s\u2019inscrit dans le cadre de la strat\u00e9gie du minist\u00e8re visant \u00e0 pr\u00e9server le patrimoine culturel dans ses diverses expressions et manifestations et \u00e0 assurer sa continuit\u00e9.<\/span><\/p>\n<p class=\"p1\"><span class=\"s1\">Le festival, devenu un rendez-vous incontournable pour les amateurs de cet art authentique, verra la participation de 45 troupes de diff\u00e9rentes provinces du Maroc.<\/span><\/p>\n<p class=\"p1\"><span class=\"s1\">Organis\u00e9e en collaboration avec la province d\u2019Ifrane et la commune de Ain Leuh, cette \u00e9dition pr\u00e9voit deux conf\u00e9rences. La premi\u00e8re sera ax\u00e9e sur l\u2019art d\u2019Ahidous en tant qu\u2019expression artistique, tandis que la seconde traitera d\u2019Ahidous en tant que patrimoine culturel, anim\u00e9es par des universitaires et des professionnels en la mati\u00e8re. Le Festival national d\u2019Ahidous sera rehauss\u00e9 par une c\u00e9r\u00e9monie en hommage \u00e0 une pl\u00e9iade d\u2019artistes, dont Abdelwahed Hajjajoui, Abdellah El Hachimi, Solaymane El Massoudi et Benaissa Zaka, en reconnaissance \u00e0 leur contribution \u00e0 l\u2019art d\u2019Ahidous.<\/span><\/p>\n<p class=\"p1\"><span class=\"s1\">Cet \u00e9v\u00e9nement vise \u00e0 cr\u00e9er un espace d\u2019\u00e9changes et de rencontres entre po\u00e8tes, artistes et chercheurs sp\u00e9cialis\u00e9s en culture amazighe, mais aussi \u00e0 mettre en lumi\u00e8re l\u2019authenticit\u00e9 de l\u2019art et de la culture amazighs, o\u00f9 convergent plusieurs valeurs v\u00e9hicul\u00e9es \u00e0 travers le chant, la danse collective et la po\u00e9sie.<\/span><\/p>\n<p class=\"p1\"><span class=\"s1\">L\u2019art d\u2019Ahidous est une danse collective mixte des villages amazighs du Moyen Atlas associant po\u00e9sie et chant. Le chant est \u00e0 base de distiques r\u00e9p\u00e9t\u00e9s en alternance par les deux groupes constituant ladite danse. Le seul instrument utilis\u00e9 est l\u2019Alloun (ou le Bendir) et la gestuelle se compose en principe de fr\u00e9missements, d\u2019ondulations et de tr\u00e9pignements aux accents de cet instrument.<\/span><\/p>\n<p>Auteur: ALM<br \/>\n<a href=\"http:\/\/aujourdhui.ma\/culture\/musique\/du-26-au-28-juillet-a-ain-leuh-19e-festival-national-dahidous\">Cliquez ici pour lire l&rsquo;article depuis sa source.<\/a><\/p>\n","protected":false},"excerpt":{"rendered":"<p>La 19\u00e8me \u00e9dition du festival national d\u2019Ahidous aura lieu du 26 au 28 juillet \u00e0 Ain Leuh, sous le th\u00e8me \u00abLa pr\u00e9servation du patrimoine culturel, une protection de l\u2019identit\u00e9 et des m\u00e9canismes de d\u00e9veloppement\u00bb. Organis\u00e9e par le minist\u00e8re de la culture et de la communication et l\u2019Association Taimat pour les arts de l\u2019Atlas, en partenariat [&hellip;]<\/p>\n","protected":false},"author":1759,"featured_media":0,"comment_status":"closed","ping_status":"closed","sticky":false,"template":"","format":"standard","meta":{"fifu_image_url":"","fifu_image_alt":"","footnotes":""},"categories":[73,54],"tags":[],"class_list":["post-48292","post","type-post","status-publish","format-standard","hentry","category-actualite","category-maroc"],"_links":{"self":[{"href":"https:\/\/linitiative.ca\/International\/wp-json\/wp\/v2\/posts\/48292","targetHints":{"allow":["GET"]}}],"collection":[{"href":"https:\/\/linitiative.ca\/International\/wp-json\/wp\/v2\/posts"}],"about":[{"href":"https:\/\/linitiative.ca\/International\/wp-json\/wp\/v2\/types\/post"}],"author":[{"embeddable":true,"href":"https:\/\/linitiative.ca\/International\/wp-json\/wp\/v2\/users\/1759"}],"replies":[{"embeddable":true,"href":"https:\/\/linitiative.ca\/International\/wp-json\/wp\/v2\/comments?post=48292"}],"version-history":[{"count":0,"href":"https:\/\/linitiative.ca\/International\/wp-json\/wp\/v2\/posts\/48292\/revisions"}],"wp:attachment":[{"href":"https:\/\/linitiative.ca\/International\/wp-json\/wp\/v2\/media?parent=48292"}],"wp:term":[{"taxonomy":"category","embeddable":true,"href":"https:\/\/linitiative.ca\/International\/wp-json\/wp\/v2\/categories?post=48292"},{"taxonomy":"post_tag","embeddable":true,"href":"https:\/\/linitiative.ca\/International\/wp-json\/wp\/v2\/tags?post=48292"}],"curies":[{"name":"wp","href":"https:\/\/api.w.org\/{rel}","templated":true}]}}