{"id":48294,"date":"2019-07-25T07:21:21","date_gmt":"2019-07-25T11:21:21","guid":{"rendered":"https:\/\/linitiative.ca\/International\/presence-remarquable-des-familles-a-la-manifestation-jijel-accueille-lalgerie\/"},"modified":"2019-07-25T07:21:21","modified_gmt":"2019-07-25T11:21:21","slug":"presence-remarquable-des-familles-a-la-manifestation-jijel-accueille-lalgerie","status":"publish","type":"post","link":"https:\/\/linitiative.ca\/International\/presence-remarquable-des-familles-a-la-manifestation-jijel-accueille-lalgerie\/","title":{"rendered":"<div>\u00a0Pr\u00e9sence remarquable des familles \u00e0 la manifestation \u00ab\u00a0Jijel accueille l&rsquo;Alg\u00e9rie\u00a0\u00bb  \u00a0<\/div>"},"content":{"rendered":"<div>\n<div class=\"K2FeedImage\"><img decoding=\"async\" src=\"http:\/\/www.aps.dz\/media\/k2\/items\/cache\/ca0dec7da7d8f043f64a4dfca6a5f05d_S.jpg\" alt=\"\u00a0Pr\u00e9sence remarquable des familles \u00e0 la manifestation \" jijel accueille l><\/div>\n<div class=\"K2FeedIntroText\">\n<p><strong>JIJEL- Une pr\u00e9sence remarquable de familles a \u00e9t\u00e9 enregistr\u00e9e, dans la nuit de mercredi \u00e0 jeudi, \u00e0 l\u2019ouverture de la premi\u00e8re \u00e9dition de la manifestation \u00ab\u00a0Jijel accueille l&rsquo;Alg\u00e9rie\u00a0\u00bb.<\/strong><\/p>\n<\/div>\n<div class=\"K2FeedFullText\">\n<p>Sous une kheima dress\u00e9e sur la plage Kotama, au centre-ville de Jijel, de nombreuses familles ont assist\u00e9 \u00e0 un spectacle d\u00e9di\u00e9 au d\u00e9roulement des diff\u00e9rentes \u00e9tapes des coutumes du mariage Jijelien, \u00e0 l\u2019initiative des membres de l\u2019association<strong> \u00ab\u00a0Jawharet El sahel<\/strong>\u00ab\u00a0, organisatrice de cette manifestation en coordination avec l\u2019Office du tourisme de Jijel.<\/p>\n<p>Lors de cette repr\u00e9sentation, la famille de la mari\u00e9e a mis l\u2019accent sur les \u00e9tapes de cet heureux \u00e9v\u00e9nement, en particulier la premi\u00e8re semaine, notamment la premi\u00e8re journ\u00e9e consacr\u00e9e \u00e0 la f\u00eate du henn\u00e9 de la mari\u00e9e, par\u00e9e de bijoux en or et rayonnante au milieu des invit\u00e9s.<\/p>\n<p>Le lendemain, la mari\u00e9e se rend chez sa future belle-famille pour assister, \u00e0 son tour, \u00e0 la f\u00eate du henn\u00e9 du futur \u00e9poux, en pr\u00e9sence de ses parents et ses amis dans une atmosph\u00e8re conviviale et chaleureuse.<\/p>\n<p>Dans les r\u00e9gions rurales de la wilaya, la tradition du mariage la plus importante reste le troisi\u00e8me jour\u00a0au cours duquel la mari\u00e9e quitte la maison parentale le soir pour se rendre \u00e0 la source ou au puits, en\u00a0compagnie de femmes fredonnant des chansons traditionnelles comme <strong>\u00ab\u00a0Yemma Yemouna Taghress Zitouna\u00a0\u00bb<\/strong>, ou encore <strong>\u2018\u2019Kaddam Kaddami oua anti benti tekber bi Essabie oua Yaayat amti\u2019\u2019.<\/strong><\/p>\n<p>La premi\u00e8re chanson signifie que la mari\u00e9e est venue apporter la paix aux occupants de la maison \u00e0 travers le symbole de la branche d&rsquo;olivier, alors que la seconde est une sorte de pr\u00e9sage pour que le premier enfant de la future \u00e9pouse soit un gar\u00e7on.<\/p>\n<hr>\n<p>Lire aussi : <a href=\"http:\/\/www.aps.dz\/culture\/92209-ouverture-mercredi-prochain-de-la-manifestation-jijel-accueille-l-algerie\">Ouverture mercredi prochain de la manifestation \u00ab\u00a0Jijel accueille l\u2019Alg\u00e9rie\u00a0\u00bb<\/a><\/p>\n<hr>\n<p>En arrivant \u00e0 la source ou au puits, la mari\u00e9e remplit un seau et le pr\u00e9sente \u00e0 un jeune de sa belle-famille qui le renverse en faisant mine d\u2019essuyer un couteau sur le doigt de la future \u00e9pouse comme s&rsquo;il voulait le couper, et ce sans la blesser, comme symbole de la paix que la mari\u00e9e apportera dans sa nouvelle demeure.<\/p>\n<p>Sur le chemin du retour, la mari\u00e9e coupe une branche d\u2019olivier et la pose d\u00e8s son arriv\u00e9e sur le seuil de la maison, une tradition traduisant le v\u0153u de fonder une famille dans la paix et l\u2019entente, et non dans la m\u00e9sentente et les conflits.<\/p>\n<p>Selon Fadila Boudanouf, membre de l\u2019association, en charge des femmes dans plusieurs r\u00e9gions de Jijel, \u00e0 l\u2019instar de Chekfa, Oudjana et Tahir, ces coutumes et traditions continuent \u00e0 \u00eatre perp\u00e9tu\u00e9es \u00e0 travers la wilaya.<\/p>\n<p>La c\u00e9r\u00e9monie du spectacle de mariage pr\u00e9sent\u00e9 par les membres de l\u2019association s\u2019est achev\u00e9e sous des airs de chants folkloriques en pr\u00e9sence d\u2019un public, qui a accueilli ce spectacle par des applaudissements nourris.<\/p>\n<p>Au cours de cette manifestation qui se poursuivra jusqu&rsquo;au 8 ao\u00fbt prochain, chaque soir\u00e9e sera d\u00e9di\u00e9e aux traditions de l&rsquo;une des wilayas participantes, afin de faire connaitre aux jijeliens et aux vacanciers\u00a0fr\u00e9quentant les plages de Jijel, les coutumes de chaque wilaya.<\/p>\n<p>\u00a0<\/p>\n<p>\u00a0<\/p>\n<\/div>\n<\/div>\n<p>Auteur:<br \/>\n<a href=\"http:\/\/www.aps.dz\/regions\/92440-presence-remarquable-des-familles-a-la-manifestation-jijel-accueille-l-algerie\">Cliquez ici pour lire l&rsquo;article depuis sa source.<\/a><\/p>\n","protected":false},"excerpt":{"rendered":"<p>JIJEL- Une pr\u00e9sence remarquable de familles a \u00e9t\u00e9 enregistr\u00e9e, dans la nuit de mercredi \u00e0 jeudi, \u00e0 l\u2019ouverture de la premi\u00e8re \u00e9dition de la manifestation \u00ab\u00a0Jijel accueille l&rsquo;Alg\u00e9rie\u00a0\u00bb. Sous une kheima dress\u00e9e sur la plage Kotama, au centre-ville de Jijel, de nombreuses familles ont assist\u00e9 \u00e0 un spectacle d\u00e9di\u00e9 au d\u00e9roulement des diff\u00e9rentes \u00e9tapes des [&hellip;]<\/p>\n","protected":false},"author":1790,"featured_media":48301,"comment_status":"closed","ping_status":"closed","sticky":false,"template":"","format":"standard","meta":{"fifu_image_url":"","fifu_image_alt":"","footnotes":""},"categories":[53,76],"tags":[],"class_list":["post-48294","post","type-post","status-publish","format-standard","has-post-thumbnail","hentry","category-algerie","category-regions"],"_links":{"self":[{"href":"https:\/\/linitiative.ca\/International\/wp-json\/wp\/v2\/posts\/48294","targetHints":{"allow":["GET"]}}],"collection":[{"href":"https:\/\/linitiative.ca\/International\/wp-json\/wp\/v2\/posts"}],"about":[{"href":"https:\/\/linitiative.ca\/International\/wp-json\/wp\/v2\/types\/post"}],"author":[{"embeddable":true,"href":"https:\/\/linitiative.ca\/International\/wp-json\/wp\/v2\/users\/1790"}],"replies":[{"embeddable":true,"href":"https:\/\/linitiative.ca\/International\/wp-json\/wp\/v2\/comments?post=48294"}],"version-history":[{"count":0,"href":"https:\/\/linitiative.ca\/International\/wp-json\/wp\/v2\/posts\/48294\/revisions"}],"wp:featuredmedia":[{"embeddable":true,"href":"https:\/\/linitiative.ca\/International\/wp-json\/"}],"wp:attachment":[{"href":"https:\/\/linitiative.ca\/International\/wp-json\/wp\/v2\/media?parent=48294"}],"wp:term":[{"taxonomy":"category","embeddable":true,"href":"https:\/\/linitiative.ca\/International\/wp-json\/wp\/v2\/categories?post=48294"},{"taxonomy":"post_tag","embeddable":true,"href":"https:\/\/linitiative.ca\/International\/wp-json\/wp\/v2\/tags?post=48294"}],"curies":[{"name":"wp","href":"https:\/\/api.w.org\/{rel}","templated":true}]}}