{"id":48297,"date":"2019-07-25T06:00:00","date_gmt":"2019-07-25T10:00:00","guid":{"rendered":"https:\/\/linitiative.ca\/International\/lapc-de-draa-ben-khedda-gelee-par-le-wali\/"},"modified":"2019-07-25T06:00:00","modified_gmt":"2019-07-25T10:00:00","slug":"lapc-de-draa-ben-khedda-gelee-par-le-wali","status":"publish","type":"post","link":"https:\/\/linitiative.ca\/International\/lapc-de-draa-ben-khedda-gelee-par-le-wali\/","title":{"rendered":"L\u2019APC de Dra\u00e2 Ben Khedda gel\u00e9e par le wali"},"content":{"rendered":"<div id=\"originalText\" readability=\"42\">\n<p>L\u2019Assembl\u00e9e populaire communale de Dra\u00e2 Ben Khedda, \u00e0 11 km au sud de la wilaya de Tizi Ouzou, a \u00e9t\u00e9 gel\u00e9e, hier, \u00e0 la suite d\u2019une d\u00e9cision du wali de Tizi Ouzou, qui a d\u00e9sign\u00e9, \u00e0 cet effet, une administratrice pour s\u2019occuper de la gestion des affaires de l\u2019APC. La d\u00e9cision intervient apr\u00e8s plus de cinq mois de blocage de cette APC dont les travailleurs sont\u00a0 sans salaire depuis plus de deux mois.\u00a0 \u00a0 \u00a0 \u00a0 \u00a0 \u00a0 \u00a0 \u00a0 \u00a0 \u00a0 \u00a0 \u00a0 \u00a0 \u00a0 \u00a0 \u00a0 \u00a0 \u00a0 \u00a0 \u00a0 \u00a0 \u00a0 \u00a0 \u00a0 \u00a0<\/p>\n<p class=\"c10\"><strong>K. Tighilt<\/strong><\/p>\n<\/div>\n<div id=\"text_core\" readability=\"42\">\n<p>L\u2019Assembl\u00e9e populaire communale de Dra\u00e2 Ben Khedda, \u00e0 11 km au sud de la wilaya de Tizi Ouzou, a \u00e9t\u00e9 gel\u00e9e, hier, \u00e0 la suite d\u2019une d\u00e9cision du wali de Tizi Ouzou, qui a d\u00e9sign\u00e9, \u00e0 cet effet, une administratrice pour s\u2019occuper de la gestion des affaires de l\u2019APC. La d\u00e9cision intervient apr\u00e8s plus de cinq mois de blocage de cette APC dont les travailleurs sont\u00a0 sans salaire depuis plus de deux mois.\u00a0 \u00a0 \u00a0 \u00a0 \u00a0 \u00a0 \u00a0 \u00a0 \u00a0 \u00a0 \u00a0 \u00a0 \u00a0 \u00a0 \u00a0 \u00a0 \u00a0 \u00a0 \u00a0 \u00a0 \u00a0 \u00a0 \u00a0 \u00a0 \u00a0<\/p>\n<p class=\"c10\"><strong>K. Tighilt<\/strong><\/p>\n<\/div>\n<p>Auteur:<br \/>\n<a href=\"https:\/\/www.liberte-algerie.com\/actualite\/lapc-de-draa-ben-khedda-gelee-par-le-wali-320635\">Cliquez ici pour lire l&rsquo;article depuis sa source.<\/a><\/p>\n","protected":false},"excerpt":{"rendered":"<p>L\u2019Assembl\u00e9e populaire communale de Dra\u00e2 Ben Khedda, \u00e0 11 km au sud de la wilaya de Tizi Ouzou, a \u00e9t\u00e9 gel\u00e9e, hier, \u00e0 la suite d\u2019une d\u00e9cision du wali de Tizi Ouzou, qui a d\u00e9sign\u00e9, \u00e0 cet effet, une administratrice pour s\u2019occuper de la gestion des affaires de l\u2019APC. La d\u00e9cision intervient apr\u00e8s plus de [&hellip;]<\/p>\n","protected":false},"author":1742,"featured_media":0,"comment_status":"closed","ping_status":"closed","sticky":false,"template":"","format":"standard","meta":{"fifu_image_url":"","fifu_image_alt":"","footnotes":""},"categories":[73,53],"tags":[],"class_list":["post-48297","post","type-post","status-publish","format-standard","hentry","category-actualite","category-algerie"],"_links":{"self":[{"href":"https:\/\/linitiative.ca\/International\/wp-json\/wp\/v2\/posts\/48297","targetHints":{"allow":["GET"]}}],"collection":[{"href":"https:\/\/linitiative.ca\/International\/wp-json\/wp\/v2\/posts"}],"about":[{"href":"https:\/\/linitiative.ca\/International\/wp-json\/wp\/v2\/types\/post"}],"author":[{"embeddable":true,"href":"https:\/\/linitiative.ca\/International\/wp-json\/wp\/v2\/users\/1742"}],"replies":[{"embeddable":true,"href":"https:\/\/linitiative.ca\/International\/wp-json\/wp\/v2\/comments?post=48297"}],"version-history":[{"count":0,"href":"https:\/\/linitiative.ca\/International\/wp-json\/wp\/v2\/posts\/48297\/revisions"}],"wp:attachment":[{"href":"https:\/\/linitiative.ca\/International\/wp-json\/wp\/v2\/media?parent=48297"}],"wp:term":[{"taxonomy":"category","embeddable":true,"href":"https:\/\/linitiative.ca\/International\/wp-json\/wp\/v2\/categories?post=48297"},{"taxonomy":"post_tag","embeddable":true,"href":"https:\/\/linitiative.ca\/International\/wp-json\/wp\/v2\/tags?post=48297"}],"curies":[{"name":"wp","href":"https:\/\/api.w.org\/{rel}","templated":true}]}}