{"id":48304,"date":"2019-07-25T08:37:22","date_gmt":"2019-07-25T12:37:22","guid":{"rendered":"https:\/\/linitiative.ca\/International\/moucharaka-mouwatina-le-souss-veut-impliquer-les-jeunes-dans-les-politiques-publiques-regionales\/"},"modified":"2019-07-25T08:37:22","modified_gmt":"2019-07-25T12:37:22","slug":"moucharaka-mouwatina-le-souss-veut-impliquer-les-jeunes-dans-les-politiques-publiques-regionales","status":"publish","type":"post","link":"https:\/\/linitiative.ca\/International\/moucharaka-mouwatina-le-souss-veut-impliquer-les-jeunes-dans-les-politiques-publiques-regionales\/","title":{"rendered":"Moucharaka Mouwatina : Le Souss veut impliquer les jeunes dans  les politiques publiques r\u00e9gionales"},"content":{"rendered":"<p><img decoding=\"async\" class=\"post_layout_5_img\" src=\"http:\/\/aujourdhui.ma\/wp-content\/uploads\/2019\/07\/Agadir-Souss-Massa.jpg?x29840\" alt=\"Moucharaka Mouwatina : Le Souss veut impliquer les jeunes dans les politiques publiques r\u00e9gionales\"\/><\/p>\n<p class=\"p1\"><span class=\"c4\"><strong><span class=\"s1\">\u00abPour une meilleure implication des jeunes dans les politiques publiques r\u00e9gionales\u00bb, tel est le th\u00e8me d\u2019une rencontre multi-acteurs organis\u00e9e mardi \u00e0 Agadir pour promouvoir la participation citoyenne des jeunes dans la r\u00e9gion du Souss-Massa.<\/span><\/strong><\/span><span id=\"more-315810\"\/><\/p>\n<p class=\"p1\"><span class=\"s1\">Initi\u00e9e par l\u2019Instance consultative des jeunes et de l\u2019avenir du Souss-Massa (ICJA-SM), le Conseil r\u00e9gional du Souss-Massa, le Bureau r\u00e9gional du Souss-Massa du programme d\u2019appui \u00e0 la soci\u00e9t\u00e9 civile au Maroc, \u00abMoucharaka Mouwatina\u00bb, financ\u00e9 par l\u2019Union europ\u00e9enne, en partenariat avec l\u2019Association migrations et d\u00e9veloppement et la coop\u00e9ration internationale allemande (GIZ), cette rencontre r\u00e9gionale a pour objectif de promouvoir la contribution des dynamiques de jeunes et des organes\/instances de la r\u00e9gion du Souss-Massa \u00e0 la prise de d\u00e9cision, et d\u2019influencer positivement les programmes des collectivit\u00e9s territoriales et les politiques publiques relatives aux jeunes. La rencontre vise aussi \u00e0 consolider les valeurs de citoyennet\u00e9 et le sens d\u2019appartenance chez les jeunes en leur permettant d\u2019exprimer leurs opinions concernant l\u2019\u00e9laboration de programmes de d\u00e9veloppement r\u00e9pondant \u00e0 leurs attentes et aspirations.<\/span><\/p>\n<p class=\"p1\"><span class=\"s1\">Cet \u00e9v\u00e9nement est \u00e9galement une occasion de soulever les difficult\u00e9s qui entravent l\u2019implication active des jeunes dans la prise des d\u00e9cisions publiques et par cons\u00e9quent la prise en compte de leurs attentes dans les politiques publiques. Et ce en pr\u00e9sence de plus de 180 personnes dont des acteurs institutionnels et associatifs, instances consultatives des collectivit\u00e9s territoriales et services ext\u00e9rieurs r\u00e9gionaux.<\/span><\/p>\n<p class=\"p1\"><span class=\"s1\">La rencontre a \u00e9t\u00e9 structur\u00e9e en trois ateliers de travail. Le premier a port\u00e9 sur la formation et l\u2019emploi en d\u00e9celant les contraintes du march\u00e9 de l\u2019emploi, l\u2019ad\u00e9quation des formations avec le march\u00e9 de l\u2019emploi et les solutions \u00e0 proposer. Le deuxi\u00e8me sur l\u2019analyse des instances consultatives et les m\u00e9canismes de participation citoyenne. Alors que le troisi\u00e8me a abord\u00e9 la pr\u00e9sence des jeunes dans les politiques publiques et l\u2019action associative.<\/span><\/p>\n<p class=\"p1\"><span class=\"s1\">Ces ateliers ont permis de ressortir avec un ensemble de recommandations pour la dynamisation de l\u2019implication des jeunes de la r\u00e9gion dans le processus de l\u2019\u00e9laboration, de la mise en \u0153uvre et de l\u2019\u00e9valuation des politiques publiques. D\u2019apr\u00e8s les organisateurs de cette rencontre, <em>\u00abla contribution et l\u2019implication des jeunes dans les politiques publiques sont essentielles au processus de d\u00e9mocratisation dans lequel le pays s\u2019est engag\u00e9. Les jeunes constituent une large tranche de la soci\u00e9t\u00e9 marocaine et leurs besoins et attentes doivent \u00eatre refl\u00e9t\u00e9s dans ce sens, dans les politiques publiques. Leurs talents, innovation et \u00e9nergie sont, par ailleurs, indispensables pour faire face aux d\u00e9fis impactant toutes les tranches de la soci\u00e9t\u00e9\u00bb<\/em>.<\/span><\/p>\n<p class=\"p1\"><span class=\"s1\">Et de poursuivre que <em>\u00abconscients de cela, l\u2019instance consultative des jeunes et de l\u2019avenir du Souss-Massa et ses partenaires se sont engag\u00e9s d\u2019une part \u00e0 renforcer le r\u00f4le des jeunes dans l\u2019\u00e9laboration et le suivi du programme de d\u00e9veloppement r\u00e9gional, et d\u2019autre part \u00e0 contribuer \u00e0 la pr\u00e9paration de programmes et de politiques publiques portant sur les jeunes\u00bb.<\/em><\/span><\/p>\n<p>Auteur: Mohamed Laabid<br \/>\n<a href=\"http:\/\/aujourdhui.ma\/economie\/moucharaka-mouwatina-le-souss-veut-impliquer-les-jeunes-dans-les-politiques-publiques-regionales\">Cliquez ici pour lire l&rsquo;article depuis sa source.<\/a><\/p>\n","protected":false},"excerpt":{"rendered":"<p>\u00abPour une meilleure implication des jeunes dans les politiques publiques r\u00e9gionales\u00bb, tel est le th\u00e8me d\u2019une rencontre multi-acteurs organis\u00e9e mardi \u00e0 Agadir pour promouvoir la participation citoyenne des jeunes dans la r\u00e9gion du Souss-Massa. Initi\u00e9e par l\u2019Instance consultative des jeunes et de l\u2019avenir du Souss-Massa (ICJA-SM), le Conseil r\u00e9gional du Souss-Massa, le Bureau r\u00e9gional du [&hellip;]<\/p>\n","protected":false},"author":1759,"featured_media":0,"comment_status":"closed","ping_status":"closed","sticky":false,"template":"","format":"standard","meta":{"fifu_image_url":"","fifu_image_alt":"","footnotes":""},"categories":[73,54],"tags":[],"class_list":["post-48304","post","type-post","status-publish","format-standard","hentry","category-actualite","category-maroc"],"_links":{"self":[{"href":"https:\/\/linitiative.ca\/International\/wp-json\/wp\/v2\/posts\/48304","targetHints":{"allow":["GET"]}}],"collection":[{"href":"https:\/\/linitiative.ca\/International\/wp-json\/wp\/v2\/posts"}],"about":[{"href":"https:\/\/linitiative.ca\/International\/wp-json\/wp\/v2\/types\/post"}],"author":[{"embeddable":true,"href":"https:\/\/linitiative.ca\/International\/wp-json\/wp\/v2\/users\/1759"}],"replies":[{"embeddable":true,"href":"https:\/\/linitiative.ca\/International\/wp-json\/wp\/v2\/comments?post=48304"}],"version-history":[{"count":0,"href":"https:\/\/linitiative.ca\/International\/wp-json\/wp\/v2\/posts\/48304\/revisions"}],"wp:attachment":[{"href":"https:\/\/linitiative.ca\/International\/wp-json\/wp\/v2\/media?parent=48304"}],"wp:term":[{"taxonomy":"category","embeddable":true,"href":"https:\/\/linitiative.ca\/International\/wp-json\/wp\/v2\/categories?post=48304"},{"taxonomy":"post_tag","embeddable":true,"href":"https:\/\/linitiative.ca\/International\/wp-json\/wp\/v2\/tags?post=48304"}],"curies":[{"name":"wp","href":"https:\/\/api.w.org\/{rel}","templated":true}]}}