{"id":48305,"date":"2019-07-25T08:30:12","date_gmt":"2019-07-25T12:30:12","guid":{"rendered":"https:\/\/linitiative.ca\/International\/oran-demantelement-dun-reseau-de-narcotrafiquants\/"},"modified":"2019-07-25T08:30:12","modified_gmt":"2019-07-25T12:30:12","slug":"oran-demantelement-dun-reseau-de-narcotrafiquants","status":"publish","type":"post","link":"https:\/\/linitiative.ca\/International\/oran-demantelement-dun-reseau-de-narcotrafiquants\/","title":{"rendered":"Oran: d\u00e9mant\u00e8lement d\u2019un r\u00e9seau de narcotrafiquants"},"content":{"rendered":"<div>\n<div class=\"K2FeedImage\"><img decoding=\"async\" src=\"http:\/\/www.aps.dz\/media\/k2\/items\/cache\/1cea77ed66a7953c3be62988b0ecf8fc_S.jpg\" alt=\"Oran: d\u00e9mant\u00e8lement d\u2019un r\u00e9seau de narcotrafiquants\"><\/div>\n<div class=\"K2FeedIntroText\">\n<p><strong>ORAN- Un r\u00e9seau de narcotrafiquants a \u00e9t\u00e9 d\u00e9mantel\u00e9 par les \u00e9l\u00e9ments de la gendarmerie nationale de Sidi El Bachir et ce, dans le prolongement de l\u2019affaire des 19 kilos de kif trait\u00e9s saisis en juin\u00a0dernier, a-t-on appris jeudi de ce corps de s\u00e9curit\u00e9.<\/strong><\/p>\n<\/div>\n<div class=\"K2FeedFullText\">\n<p>Apr\u00e8s d\u2019intenses investigations et recoupements d\u2019informations, les gendarmes ont arr\u00eat\u00e9, le 19 juillet dernier, un membre de ce r\u00e9seau avant que l\u2019enqu\u00eate ne soit \u00e9tendue \u00e0 la wilaya d\u2019A\u00efn Temouchent permettant l\u2019interpellation de quatre autres complices, a-t-on indiqu\u00e9.<\/p>\n<p>Lors de cette op\u00e9ration, trois v\u00e9hicules utilis\u00e9s dans cette activit\u00e9 illicite et une somme de 1, 4 millions DA ont \u00e9t\u00e9 saisis.<\/p>\n<p>Les mis en cause, \u00e2g\u00e9s entre 30 et 45 ans, ont \u00e9t\u00e9 pr\u00e9sent\u00e9s \u00e0 la justice, a-t-on indiqu\u00e9 de m\u00eame source.<\/p>\n<p>\u00a0<\/p>\n<\/div>\n<\/div>\n<p>Auteur:<br \/>\n<a href=\"http:\/\/www.aps.dz\/regions\/92441-oran-demantelement-d-un-reseau-de-narcotrafiquants\">Cliquez ici pour lire l&rsquo;article depuis sa source.<\/a><\/p>\n","protected":false},"excerpt":{"rendered":"<p>ORAN- Un r\u00e9seau de narcotrafiquants a \u00e9t\u00e9 d\u00e9mantel\u00e9 par les \u00e9l\u00e9ments de la gendarmerie nationale de Sidi El Bachir et ce, dans le prolongement de l\u2019affaire des 19 kilos de kif trait\u00e9s saisis en juin\u00a0dernier, a-t-on appris jeudi de ce corps de s\u00e9curit\u00e9. Apr\u00e8s d\u2019intenses investigations et recoupements d\u2019informations, les gendarmes ont arr\u00eat\u00e9, le 19 [&hellip;]<\/p>\n","protected":false},"author":1790,"featured_media":48314,"comment_status":"closed","ping_status":"closed","sticky":false,"template":"","format":"standard","meta":{"fifu_image_url":"","fifu_image_alt":"","footnotes":""},"categories":[53,76],"tags":[],"class_list":["post-48305","post","type-post","status-publish","format-standard","has-post-thumbnail","hentry","category-algerie","category-regions"],"_links":{"self":[{"href":"https:\/\/linitiative.ca\/International\/wp-json\/wp\/v2\/posts\/48305","targetHints":{"allow":["GET"]}}],"collection":[{"href":"https:\/\/linitiative.ca\/International\/wp-json\/wp\/v2\/posts"}],"about":[{"href":"https:\/\/linitiative.ca\/International\/wp-json\/wp\/v2\/types\/post"}],"author":[{"embeddable":true,"href":"https:\/\/linitiative.ca\/International\/wp-json\/wp\/v2\/users\/1790"}],"replies":[{"embeddable":true,"href":"https:\/\/linitiative.ca\/International\/wp-json\/wp\/v2\/comments?post=48305"}],"version-history":[{"count":0,"href":"https:\/\/linitiative.ca\/International\/wp-json\/wp\/v2\/posts\/48305\/revisions"}],"wp:featuredmedia":[{"embeddable":true,"href":"https:\/\/linitiative.ca\/International\/wp-json\/"}],"wp:attachment":[{"href":"https:\/\/linitiative.ca\/International\/wp-json\/wp\/v2\/media?parent=48305"}],"wp:term":[{"taxonomy":"category","embeddable":true,"href":"https:\/\/linitiative.ca\/International\/wp-json\/wp\/v2\/categories?post=48305"},{"taxonomy":"post_tag","embeddable":true,"href":"https:\/\/linitiative.ca\/International\/wp-json\/wp\/v2\/tags?post=48305"}],"curies":[{"name":"wp","href":"https:\/\/api.w.org\/{rel}","templated":true}]}}