{"id":48306,"date":"2019-07-25T09:46:25","date_gmt":"2019-07-25T13:46:25","guid":{"rendered":"https:\/\/linitiative.ca\/International\/ligue-1-2-crb-khali-nous-avons-atteint-70-de-notre-niveau-de-preparation\/"},"modified":"2019-07-25T09:46:25","modified_gmt":"2019-07-25T13:46:25","slug":"ligue-1-2-crb-khali-nous-avons-atteint-70-de-notre-niveau-de-preparation","status":"publish","type":"post","link":"https:\/\/linitiative.ca\/International\/ligue-1-2-crb-khali-nous-avons-atteint-70-de-notre-niveau-de-preparation\/","title":{"rendered":"Ligue 1 &#038; 2 : CRB &#8211; Khali: \u00abNous avons atteint 70% de notre niveau de pr\u00e9paration\u00bb"},"content":{"rendered":"<div readability=\"32\">\n<p>Auteur : <span class=\"time\">jeudi 25 juillet 2019 12:34<\/span><\/p>\n<\/div>\n<div id=\"post_core\" readability=\"80\">\n<p>L\u2019ancien d\u00e9fenseur de l\u2019USMBA, Khali, \u00e9voque la troisi\u00e8me partie de la pr\u00e9paration, et estime que le groupe est \u00e0 70% de son niveau habituel. Le joueur affirme par la suite que la concurrence reste la cl\u00e9 de la r\u00e9ussite dans une \u00e9quipe de football, qui pousse tous les joueurs \u00e0 redoubler d\u2019effort. Enfin, Khali promet aux supporters de mouiller le maillot et faire une grande saison.<\/p>\n<p><strong>Comment se d\u00e9roule cette 3e partie de la pr\u00e9paration estivale ?<\/strong><br \/>Apr\u00e8s avoir termin\u00e9 l\u2019\u00e9reintant stage de Tunisie, que le staff technique a programm\u00e9, et qui nous sera tr\u00e8s utile durant la saison sportive, aujourd\u2019hui, nous avons bien avanc\u00e9 et nous sommes dans la troisi\u00e8me partie de pr\u00e9paration, qui sera aussi tr\u00e8s importante. Sinon, tout se d\u00e9roule bien pour le moment.<br \/><strong>Comment jugez-vous votre niveau de pr\u00e9paration, apr\u00e8s les deux regroupements ?<\/strong><br \/>Nous sommes toujours en pr\u00e9paration, puisque c\u2019est la troisi\u00e8me partie des travaux que nous venons d\u2019entamer, ce sera pour nous l\u2019occasion d\u2019encha\u00eener apr\u00e8s les deux stages d\u2019Alger et de Tunis. Nous sentons une am\u00e9lioration \u00e0 tout point de vue, et les prochains matchs amicaux vont nous \u00e9difier davantage.<br \/><strong>Donc on peut dire que vous \u00eates pr\u00eats pour le championnat ?<\/strong><br \/>On peut dire que nous sommes pr\u00eats \u00e0 70%, surtout physiquement \u00e0 la suite de ce que nous avons accompli comme travail jusque-l\u00e0. On n\u2019est pas loin du sommet de la forme physique, sinon on a encore le temps pour mieux se pr\u00e9parer en pr\u00e9vision de la reprise.<br \/><strong>Ok, mais vous allez commencer le 9 ao\u00fbt la Coupe de la CAF\u2026<\/strong><br \/>On va tout faire pour \u00eatre fin pr\u00eats pour ce jour-l\u00e0, c\u2019est-\u00e0-dire en Coupe de la CAF lors des tours pr\u00e9liminaires, et sur notre terrain \u00e0 Alger. En tout cas, on va poursuivre notre pr\u00e9paration avec beaucoup de s\u00e9rieux pour pouvoir atteindre le meilleur niveau avant la reprise.<br \/><strong>Justement, comment voyez-vous le match aller face aux Tchadiens ?<\/strong><br \/>On mise \u00e0 aller tr\u00e8s loin dans cette \u00e9preuve qu\u2019est la Coupe de la CAF, c\u2019est un de nos principal objectif. On ne va pas d\u00e9cevoir nos supporters, on doit les battre ais\u00e9ment avant le match retour.<br \/><strong>Il y a plusieurs nouveaux joueurs au CRB, comment trouvez-vous le groupe aujourd\u2019hui ?<\/strong><br \/>Franchement, ce groupe est constitu\u00e9 de bons joueurs, entre autres ceux qui \u00e9taient avec moi \u00e0 l\u2019USMBA, ou encore ceux qui ont jou\u00e9 contre nous la saison pass\u00e9e, que nous avons eu le plaisir de conna\u00eetre. Franchement, on n\u2019a pas eu de difficult\u00e9s puisque nous nous sommes vite int\u00e9gr\u00e9s.<br \/><strong>Vous allez avoir de la concurrence avec les Bouchar et Keddad, comment la voyez-vous ?<\/strong><br \/>Pas de soucis, je suis pr\u00eat pour \u00e7a, car quand je suis venu au Chabab, c\u2019est pour apporter le plus techniquement \u00e0 l\u2019\u00e9quipe. Je suis confiant de mes capacit\u00e9s, en plus la concurrence va \u00eatre tr\u00e8s b\u00e9n\u00e9fique pour le groupe, ce qui incitera les joueurs \u00e0 travailler dur pour pouvoir chiper une place de titulaire, ou donner des solutions au driver.<br \/><strong>Que diriez-vous aux fans, qui attendent beaucoup de vous ?<\/strong><br \/>On sait tous que les supporters du CRB ont soif des titres, je leur dis que la saison prochaine sera celle de la joie Inch\u2019Allah. Je leur demande de rester derri\u00e8re leur \u00e9quipe tout au long du parcours, car elle en a besoin.<br \/>\u00a0<\/p>\n<\/div>\n<p>Auteur:<br \/>\n<a href=\"http:\/\/www.lebuteur.com\/article\/detail?titre=crb-khali-nous-avons-atteint-70-de-notre-niveau-de-preparation&#038;id=90667&#038;utm_source=feedburner&#038;utm_medium=feed&#038;utm_campaign=Feed%3A+GalerieFArtciles+%28Les+derniers+articles++-+lebuteur.com%29\">Cliquez ici pour lire l&rsquo;article depuis sa source.<\/a><\/p>\n","protected":false},"excerpt":{"rendered":"<p>Auteur : jeudi 25 juillet 2019 12:34 L\u2019ancien d\u00e9fenseur de l\u2019USMBA, Khali, \u00e9voque la troisi\u00e8me partie de la pr\u00e9paration, et estime que le groupe est \u00e0 70% de son niveau habituel. Le joueur affirme par la suite que la concurrence reste la cl\u00e9 de la r\u00e9ussite dans une \u00e9quipe de football, qui pousse tous les [&hellip;]<\/p>\n","protected":false},"author":1738,"featured_media":48315,"comment_status":"closed","ping_status":"closed","sticky":false,"template":"","format":"standard","meta":{"fifu_image_url":"","fifu_image_alt":"","footnotes":""},"categories":[53,75],"tags":[],"class_list":["post-48306","post","type-post","status-publish","format-standard","has-post-thumbnail","hentry","category-algerie","category-sport"],"_links":{"self":[{"href":"https:\/\/linitiative.ca\/International\/wp-json\/wp\/v2\/posts\/48306","targetHints":{"allow":["GET"]}}],"collection":[{"href":"https:\/\/linitiative.ca\/International\/wp-json\/wp\/v2\/posts"}],"about":[{"href":"https:\/\/linitiative.ca\/International\/wp-json\/wp\/v2\/types\/post"}],"author":[{"embeddable":true,"href":"https:\/\/linitiative.ca\/International\/wp-json\/wp\/v2\/users\/1738"}],"replies":[{"embeddable":true,"href":"https:\/\/linitiative.ca\/International\/wp-json\/wp\/v2\/comments?post=48306"}],"version-history":[{"count":0,"href":"https:\/\/linitiative.ca\/International\/wp-json\/wp\/v2\/posts\/48306\/revisions"}],"wp:featuredmedia":[{"embeddable":true,"href":"https:\/\/linitiative.ca\/International\/wp-json\/"}],"wp:attachment":[{"href":"https:\/\/linitiative.ca\/International\/wp-json\/wp\/v2\/media?parent=48306"}],"wp:term":[{"taxonomy":"category","embeddable":true,"href":"https:\/\/linitiative.ca\/International\/wp-json\/wp\/v2\/categories?post=48306"},{"taxonomy":"post_tag","embeddable":true,"href":"https:\/\/linitiative.ca\/International\/wp-json\/wp\/v2\/tags?post=48306"}],"curies":[{"name":"wp","href":"https:\/\/api.w.org\/{rel}","templated":true}]}}