{"id":48307,"date":"2019-07-25T08:21:00","date_gmt":"2019-07-25T12:21:00","guid":{"rendered":"https:\/\/linitiative.ca\/International\/exclusif-caid-essebsi-je-sais-que-je-suis-sur-le-depart-je-nai-pas-lexcuse-de-lignorance\/"},"modified":"2019-07-25T08:21:00","modified_gmt":"2019-07-25T12:21:00","slug":"exclusif-caid-essebsi-je-sais-que-je-suis-sur-le-depart-je-nai-pas-lexcuse-de-lignorance","status":"publish","type":"post","link":"https:\/\/linitiative.ca\/International\/exclusif-caid-essebsi-je-sais-que-je-suis-sur-le-depart-je-nai-pas-lexcuse-de-lignorance\/","title":{"rendered":"Exclusif &#8211; Ca\u00efd Essebsi : \u00ab Je sais que je suis sur le d\u00e9part, je n\u2019ai pas l\u2019excuse de l\u2019ignorance ! \u00bb"},"content":{"rendered":"<p>\u00ab\u00a0Je ne suis plus loin de la sortie. Je suis sur le d\u00e9part. Je n\u2019ai pas l\u2019excuse de l\u2019ignorance. Je sais que je dois partir\u00a0!\u00a0\u00bb Pr\u00e9monitoire, le pr\u00e9sident B\u00e9ji Ca\u00efd Essebsi jetais ce vendredi matin 3 mai dernier le froid dans le dos de ses visiteurs. Il avait tenu \u00e0 recevoir longuement <a href=\"https:\/\/www.leaders.com.tn\/article\/27044-caid-essebsi-recevant-des-chercheurs-tunisiens-en-tics-et-ai-grace-a-cette-jeunesse-ambitieuse-et-exigeante-la-tunisie-s-en-sortira\">un groupe d\u2019experts tunisiens sp\u00e9cialis\u00e9s en intelligence artificielle<\/a>, venus de l\u2019\u00e9tranger et d\u2019institutions tunisiennes, et s\u2019est ouvert \u00e0 eux comme pour leur livrer un testament adress\u00e9 aux g\u00e9n\u00e9rations montantes.<\/p>\n<p class=\"c2\"><img decoding=\"async\" src=\"\/uploads\/FCK_files\/AI2.jpg\" width=\"100%\" vspace=\"5\" hspace=\"5\" align=\"middle\" alt=\"\"\/><\/p>\n<p>\u00ab\u00a0Bourguiba avait rencontr\u00e9 beaucoup d\u2019ingratitude, commencera-t-il par leur dire. Malgr\u00e9 tout ce qu\u2019il a fait pour le pays. Il faut que les Tunisiens pr\u00e9servent les acquis de la nation, la g\u00e9n\u00e9ralisation de l\u2019instruction et l\u2019\u00e9mancipation de la femme, d\u00e8s les premiers jours de l\u2019ind\u00e9pendance, et pers\u00e9v\u00e8rent \u00e0 les enrichir. Ce n\u2019est pas une affaire facile, mais gu\u00e8re impossible. Je suis confiant en la jeunesse.<\/p>\n<p>Je vous demande de travailler avec ceux qui vont succ\u00e9der et je suis convaincu que la Tunisie s\u2019en sortira.<\/p>\n<p>Si je m\u2019\u00e9tais port\u00e9 candidat en 2014, c\u2019\u00e9tait en croyant profond\u00e9ment \u00e0 la sauvegarde du pays et \u00e0 la relance, en toute d\u00e9mocratie. Je croyais que c\u2019\u00e9tait facile. A l\u2019\u0153uvre, je me suis rendu compte de la complexit\u00e9 de la t\u00e2che. Nous avons perdu, tout au long de ces cinq ann\u00e9es qui s\u2019ach\u00e8vent beaucoup de temps et d\u2019opportunit\u00e9s. Nous avons une constitution et une loi \u00e9lectorale, si elles sont maintenues sans r\u00e9vision, la Tunisie n\u2019avancera pas. Vous devez ne pas laiss\u00e9 tomber votre pays et vous investir \u00e0 son service. Il ne faut se r\u00e9signer. La Tunisie peut compter sur ses enfants vaillants. Ne perdez pas patience, ni confiance en l\u2019avenir, il faut vous nourrir d\u2019une grande volont\u00e9 de r\u00e9sistance et capacit\u00e9 d\u2019agir pour forger le lendemain.\u00a0\u00bb<\/p>\n<p>Ses propos raisonnent encore au palais de Carthage et dans les oreilles de ses visiteurs ce jour-l\u00e0.<\/p>\n<p>Auteur:<br \/>\n<a href=\"https:\/\/www.leaders.com.tn\/article\/27572-exclusif-caid-essebsi-je-sais-que-je-suis-sur-le-depart-je-n-ai-pas-l-excuse-de-l-ignorance\">Cliquez ici pour lire l&rsquo;article depuis sa source.<\/a><\/p>\n","protected":false},"excerpt":{"rendered":"<p>\u00ab\u00a0Je ne suis plus loin de la sortie. Je suis sur le d\u00e9part. Je n\u2019ai pas l\u2019excuse de l\u2019ignorance. Je sais que je dois partir\u00a0!\u00a0\u00bb Pr\u00e9monitoire, le pr\u00e9sident B\u00e9ji Ca\u00efd Essebsi jetais ce vendredi matin 3 mai dernier le froid dans le dos de ses visiteurs. Il avait tenu \u00e0 recevoir longuement un groupe d\u2019experts [&hellip;]<\/p>\n","protected":false},"author":1772,"featured_media":48321,"comment_status":"closed","ping_status":"closed","sticky":false,"template":"","format":"standard","meta":{"fifu_image_url":"","fifu_image_alt":"","footnotes":""},"categories":[73,55],"tags":[],"class_list":["post-48307","post","type-post","status-publish","format-standard","has-post-thumbnail","hentry","category-actualite","category-tunisie"],"_links":{"self":[{"href":"https:\/\/linitiative.ca\/International\/wp-json\/wp\/v2\/posts\/48307","targetHints":{"allow":["GET"]}}],"collection":[{"href":"https:\/\/linitiative.ca\/International\/wp-json\/wp\/v2\/posts"}],"about":[{"href":"https:\/\/linitiative.ca\/International\/wp-json\/wp\/v2\/types\/post"}],"author":[{"embeddable":true,"href":"https:\/\/linitiative.ca\/International\/wp-json\/wp\/v2\/users\/1772"}],"replies":[{"embeddable":true,"href":"https:\/\/linitiative.ca\/International\/wp-json\/wp\/v2\/comments?post=48307"}],"version-history":[{"count":0,"href":"https:\/\/linitiative.ca\/International\/wp-json\/wp\/v2\/posts\/48307\/revisions"}],"wp:featuredmedia":[{"embeddable":true,"href":"https:\/\/linitiative.ca\/International\/wp-json\/"}],"wp:attachment":[{"href":"https:\/\/linitiative.ca\/International\/wp-json\/wp\/v2\/media?parent=48307"}],"wp:term":[{"taxonomy":"category","embeddable":true,"href":"https:\/\/linitiative.ca\/International\/wp-json\/wp\/v2\/categories?post=48307"},{"taxonomy":"post_tag","embeddable":true,"href":"https:\/\/linitiative.ca\/International\/wp-json\/wp\/v2\/tags?post=48307"}],"curies":[{"name":"wp","href":"https:\/\/api.w.org\/{rel}","templated":true}]}}