{"id":48308,"date":"2019-07-24T19:00:00","date_gmt":"2019-07-24T23:00:00","guid":{"rendered":"https:\/\/linitiative.ca\/International\/enfants-des-wilayas-du-sud-vacances-a-oran\/"},"modified":"2019-07-24T19:00:00","modified_gmt":"2019-07-24T23:00:00","slug":"enfants-des-wilayas-du-sud-vacances-a-oran","status":"publish","type":"post","link":"https:\/\/linitiative.ca\/International\/enfants-des-wilayas-du-sud-vacances-a-oran\/","title":{"rendered":"Enfants des wilayas du Sud  : Vacances \u00e0 Oran"},"content":{"rendered":"<div>La wilaya d\u2019Oran accueillera cette saison estivale plus de 5.000 enfants originaires des wilayas du Sud et des Hauts-plateaux qui viennent y passer quelques jours cet \u00e9t\u00e9 et profiter de la fra\u00eecheur des plages oranaises.<img loading=\"lazy\" decoding=\"async\" src=\"http:\/\/feeds.feedburner.com\/~r\/ElmoudjahidArticles\/~4\/RxEe2aN7-X0\" height=\"1\" width=\"1\" alt=\"\"><\/div>\n<p>Auteur: elmoudjahid<br \/>\n<a href=\"http:\/\/feedproxy.google.com\/~r\/ElmoudjahidArticles\/~3\/RxEe2aN7-X0\/139749\">Cliquez ici pour lire l&rsquo;article depuis sa source.<\/a><\/p>\n","protected":false},"excerpt":{"rendered":"<p>La wilaya d\u2019Oran accueillera cette saison estivale plus de 5.000 enfants originaires des wilayas du Sud et des Hauts-plateaux qui viennent y passer quelques jours cet \u00e9t\u00e9 et profiter de la fra\u00eecheur des plages oranaises. Auteur: elmoudjahid Cliquez ici pour lire l&rsquo;article depuis sa source.<\/p>\n","protected":false},"author":1744,"featured_media":0,"comment_status":"closed","ping_status":"closed","sticky":false,"template":"","format":"standard","meta":{"fifu_image_url":"","fifu_image_alt":"","footnotes":""},"categories":[73,53],"tags":[],"class_list":["post-48308","post","type-post","status-publish","format-standard","hentry","category-actualite","category-algerie"],"_links":{"self":[{"href":"https:\/\/linitiative.ca\/International\/wp-json\/wp\/v2\/posts\/48308","targetHints":{"allow":["GET"]}}],"collection":[{"href":"https:\/\/linitiative.ca\/International\/wp-json\/wp\/v2\/posts"}],"about":[{"href":"https:\/\/linitiative.ca\/International\/wp-json\/wp\/v2\/types\/post"}],"author":[{"embeddable":true,"href":"https:\/\/linitiative.ca\/International\/wp-json\/wp\/v2\/users\/1744"}],"replies":[{"embeddable":true,"href":"https:\/\/linitiative.ca\/International\/wp-json\/wp\/v2\/comments?post=48308"}],"version-history":[{"count":0,"href":"https:\/\/linitiative.ca\/International\/wp-json\/wp\/v2\/posts\/48308\/revisions"}],"wp:attachment":[{"href":"https:\/\/linitiative.ca\/International\/wp-json\/wp\/v2\/media?parent=48308"}],"wp:term":[{"taxonomy":"category","embeddable":true,"href":"https:\/\/linitiative.ca\/International\/wp-json\/wp\/v2\/categories?post=48308"},{"taxonomy":"post_tag","embeddable":true,"href":"https:\/\/linitiative.ca\/International\/wp-json\/wp\/v2\/tags?post=48308"}],"curies":[{"name":"wp","href":"https:\/\/api.w.org\/{rel}","templated":true}]}}