{"id":48309,"date":"2019-07-25T06:00:00","date_gmt":"2019-07-25T10:00:00","guid":{"rendered":"https:\/\/linitiative.ca\/International\/2019-lodyssee-vers-la-planete-malek\/"},"modified":"2019-07-25T06:00:00","modified_gmt":"2019-07-25T10:00:00","slug":"2019-lodyssee-vers-la-planete-malek","status":"publish","type":"post","link":"https:\/\/linitiative.ca\/International\/2019-lodyssee-vers-la-planete-malek\/","title":{"rendered":"2019, l\u2019odyss\u00e9e vers la \u00abPlan\u00e8te Malek\u00bb"},"content":{"rendered":"<p>Le Mus\u00e9e public national d\u2019art moderne et contemporain (Mama) d\u2019Alger, le Goethe-Institut d\u2019Alger et Habibi Funk pr\u00e9sentent \u00e0 Alger l\u2019exposition \u00abPlan\u00e8te Malek \u2014 Une r\u00e9trospective\u00bb, en hommage au compositeur alg\u00e9rien\u00a0 Ahmed Malek, surnomm\u00e9 \u00e0 l\u2019\u00e9tranger \u00abLe Ennio Morricone d\u2019Alg\u00e9rie\u00bb et qui fut d\u00e9cor\u00e9 par Youri Gagarine en personne.\u00a0<br \/>Ahmed Malek est n\u00e9 le 6 mars 1932 \u00e0 Bordj El Kiffan, \u00e0 l\u2019est d\u2019Alger. Il \u00e9tait l\u2019a\u00een\u00e9 d\u2019une famille de trois fr\u00e8res et une s\u0153ur. Tr\u00e8s jeune, il commen\u00e7a \u00e0 travailler dans des usines afin d\u2019aider son p\u00e8re \u00e0 subvenir\u00e0 leurs besoins. La m\u00e8re d\u2019Ahmed Malek est morte tr\u00e8s t\u00f4t, quand il avait \u00e0 peine 12 ans. Tr\u00e8s t\u00f4t aussi, il d\u00e9cida de devenir musicien. Apr\u00e8s avoir termin\u00e9 sa scolarit\u00e9, il s\u2019inscrivit au Conservatoire de musique d\u2019Alger.\u00a0<br \/>Tr\u00e8s vite il fut reconnu par ses pairs et gagna de nombreux prix nationaux et internationaux : le\u00a0 premier Prix des arts et des lettres de la composition en 1972, la m\u00e9daille d\u2019or au Panafrican Festival\u00a0 en 1976 et le Prix du m\u00e9rite national pour la composition musicale en 1987.<br \/>Il gravit ainsi tous les \u00e9chelons de la musique, du pupitre \u00e0 la direction d\u2019orchestre. D\u00e8s la fin des ann\u00e9es 1940, il s\u2019illustre comme accord\u00e9oniste, avant d\u2019int\u00e9grer la d\u00e9cennie suivante les rangs de l\u2019op\u00e9ra et d\u2019\u00eatre d\u00e9cor\u00e9 par le premier homme de l\u2019espace, Youri Gagarine lui-m\u00eame.<br \/>Durant plusieurs d\u00e9cennies, il fut chef de l\u2019orchestre de la T\u00e9l\u00e9vision alg\u00e9rienne et repr\u00e9senta l\u2019Alg\u00e9rie \u00e0 plusieurs \u00e9v\u00e8nements internationaux comme les expositions universelles du Japon, du Canada, Cuba et d\u2019Espagne.<br \/>Le nom d\u2019Ahmed Malek n\u2019est pas tr\u00e8s connu en Alg\u00e9rie. Pourtant, beaucoup de ses musiques sont grav\u00e9es dans la m\u00e9moire collective, notamment celle du film Les vacances de l\u2019Inspecteur Tahar de Moussa Haddad. Ainsi, ses compositions ont fini par le transcender en termes de popularit\u00e9. C\u2019est d\u00fb en partie \u00e0 ses contributions pour plusieurs films alg\u00e9riens des ann\u00e9es 1970 et 1980. Ses musiques sont, ainsi, profond\u00e9ment li\u00e9es \u00e0 l\u2019\u00e2ge d\u2019or du cin\u00e9ma alg\u00e9rien. Mais Ahmed Malek a aussi compos\u00e9 pour des \u00e9missions de t\u00e9l\u00e9vision et des pi\u00e8ces de th\u00e9\u00e2tre.<br \/>Il s\u2019est toujours consid\u00e9r\u00e9 comme l\u2019ambassadeur de la culture alg\u00e9rienne, voyageant \u00e0 travers le monde pour repr\u00e9senter son pays. il a \u00e9galement enseign\u00e9 au Conservatoire d\u2019Alger et fut le pionnier d\u2019arrangements \u00e9lectro-acoustiques. \u00c0 la fin des ann\u00e9es 1990 sa sant\u00e9 commen\u00e7ait \u00e0 p\u00e9ricliter. Ahmed Malek meurt le 24 juillet 2008 chez lui \u00e0 El Mouradia (Alger) \u00e0 l\u2019\u00e2ge de 76 ans.<br \/>La manifestation \u00abPlan\u00e8te Malek \u2013 Une r\u00e9trospective\u00bb offre un aper\u00e7u in\u00e9dit des archives d\u2019Ahmed Malek collect\u00e9es par ses filles Maya et Henya.<br \/>\u00a0L\u2019exposition met en valeur certains \u00e9pisodes d\u2019une vie riche et singuli\u00e8re et \u00e0 travers des photos de grande qualit\u00e9, captur\u00e9es par Danielle Berkmans, sa femme. On y trouve \u00e9galement plusieurs articles de journaux parlant de son travail, des documents contenant des interviews et des extraits de films. Cela sans oublier le documentaire Planet Malek produit d\u00e9but 2019.\u00a0<br \/>En plus des objets expos\u00e9s, les visiteurs sont invit\u00e9s \u00e0 plonger dans l\u2019univers musical d\u2019Ahmed Malek \u00e0 l\u2019aide de postes interactifs mis \u00e0 leur disposition.\u00a0<br \/>Des projections publiques, des d\u00e9bats et des tables rondes sont \u00e9galement pr\u00e9vus durant cette exposition qui se tient au Mus\u00e9e public national d\u2019art moderne et contemporain d\u2019Alger jusqu\u2019au 31 juillet 2019.<br \/>\u00a0Kader B.<\/p>\n<p>Auteur:<br \/>\n<a href=\"https:\/\/www.lesoirdalgerie.com\/culture\/2019-lodyssee-vers-la-planete-malek-27582\">Cliquez ici pour lire l&rsquo;article depuis sa source.<\/a><\/p>\n","protected":false},"excerpt":{"rendered":"<p>Le Mus\u00e9e public national d\u2019art moderne et contemporain (Mama) d\u2019Alger, le Goethe-Institut d\u2019Alger et Habibi Funk pr\u00e9sentent \u00e0 Alger l\u2019exposition \u00abPlan\u00e8te Malek \u2014 Une r\u00e9trospective\u00bb, en hommage au compositeur alg\u00e9rien\u00a0 Ahmed Malek, surnomm\u00e9 \u00e0 l\u2019\u00e9tranger \u00abLe Ennio Morricone d\u2019Alg\u00e9rie\u00bb et qui fut d\u00e9cor\u00e9 par Youri Gagarine en personne.\u00a0Ahmed Malek est n\u00e9 le 6 mars 1932 [&hellip;]<\/p>\n","protected":false},"author":1741,"featured_media":0,"comment_status":"closed","ping_status":"closed","sticky":false,"template":"","format":"standard","meta":{"fifu_image_url":"","fifu_image_alt":"","footnotes":""},"categories":[73,53],"tags":[],"class_list":["post-48309","post","type-post","status-publish","format-standard","hentry","category-actualite","category-algerie"],"_links":{"self":[{"href":"https:\/\/linitiative.ca\/International\/wp-json\/wp\/v2\/posts\/48309","targetHints":{"allow":["GET"]}}],"collection":[{"href":"https:\/\/linitiative.ca\/International\/wp-json\/wp\/v2\/posts"}],"about":[{"href":"https:\/\/linitiative.ca\/International\/wp-json\/wp\/v2\/types\/post"}],"author":[{"embeddable":true,"href":"https:\/\/linitiative.ca\/International\/wp-json\/wp\/v2\/users\/1741"}],"replies":[{"embeddable":true,"href":"https:\/\/linitiative.ca\/International\/wp-json\/wp\/v2\/comments?post=48309"}],"version-history":[{"count":0,"href":"https:\/\/linitiative.ca\/International\/wp-json\/wp\/v2\/posts\/48309\/revisions"}],"wp:attachment":[{"href":"https:\/\/linitiative.ca\/International\/wp-json\/wp\/v2\/media?parent=48309"}],"wp:term":[{"taxonomy":"category","embeddable":true,"href":"https:\/\/linitiative.ca\/International\/wp-json\/wp\/v2\/categories?post=48309"},{"taxonomy":"post_tag","embeddable":true,"href":"https:\/\/linitiative.ca\/International\/wp-json\/wp\/v2\/tags?post=48309"}],"curies":[{"name":"wp","href":"https:\/\/api.w.org\/{rel}","templated":true}]}}