{"id":48311,"date":"2019-07-25T06:00:00","date_gmt":"2019-07-25T10:00:00","guid":{"rendered":"https:\/\/linitiative.ca\/International\/un-blogueur-condamne-a-une-amende-de-500-000-da\/"},"modified":"2019-07-25T06:00:00","modified_gmt":"2019-07-25T10:00:00","slug":"un-blogueur-condamne-a-une-amende-de-500-000-da","status":"publish","type":"post","link":"https:\/\/linitiative.ca\/International\/un-blogueur-condamne-a-une-amende-de-500-000-da\/","title":{"rendered":"Un blogueur condamn\u00e9 \u00e0 une amende de 500 000 DA"},"content":{"rendered":"<div id=\"originalText\" readability=\"71\">\n<p>Interpell\u00e9, lundi, par les \u00e9l\u00e9ments de la Police judiciaire d\u00e9pendant de la s\u00fbret\u00e9 de da\u00efra de Dr\u00e9an, le blogueur et activiste du hirak El Mounqid Zakaria Guerfa a comparu, avant-hier, devant le tribunal d\u2019instance de cette m\u00eame ville pour atteinte \u00e0 corps constitu\u00e9 et a \u00e9t\u00e9 condamn\u00e9 \u00e0 une amende de\u00a0 500 000 DA, avant d\u2019\u00eatre rel\u00e2ch\u00e9.<\/p>\n<p>Nous apprenons de sources proches de ce dossier que le jeune blogueur a fait l\u2019objet d\u2019une plainte du minist\u00e8re de la D\u00e9fense nationale apr\u00e8s la publication de posts jug\u00e9s outrageants envers l\u2019ANP. Ces m\u00eames sources ajoutent que le pr\u00e9venu avait refus\u00e9 de r\u00e9pondre \u00e0 une convocation du parquet de Dr\u00e9an, ce qui expliquerait son arrestation muscl\u00e9e, lundi, devant son domicile, et son incarc\u00e9ration avant sa pr\u00e9sentation devant le juge.<\/p>\n<p>Nous apprenons, par ailleurs, que le r\u00e9dacteur en chef du quotidien r\u00e9gional Le Provincial, Mustapha Bendjema, a \u00e9t\u00e9 entendu, hier, dans les locaux de la s\u00fbret\u00e9 de wilaya d\u2019Annaba pour les m\u00eames motifs, \u00e0 savoir une pr\u00e9tendue atteinte \u00e0 corps constitu\u00e9, sur plainte de la Direction g\u00e9n\u00e9rale de la S\u00fbret\u00e9 nationale, cette fois.<\/p>\n<p>Contact\u00e9 juste apr\u00e8s avoir \u00e9t\u00e9 rel\u00e2ch\u00e9, le journaliste a tenu \u00e0 signaler qu\u2019il s\u2019est pr\u00e9sent\u00e9 normalement \u00e0 la convocation des policiers et qu\u2019il n\u2019a fait l\u2019objet d\u2019aucune contrainte durant son audition. \u201cOn m\u2019a pos\u00e9 des questions sur certaines de mes contributions \u00e0 propos du hirak sur les r\u00e9seaux sociaux en me demandant de rester \u00e0 la disposition de la justice\u201d, a soulign\u00e9 Mustapha Bendjema.<br \/>\u00a0<\/p>\n<p class=\"c10\"><strong>A. Allia<\/strong><\/p>\n<\/div>\n<div id=\"text_core\" readability=\"71\">\n<p>Interpell\u00e9, lundi, par les \u00e9l\u00e9ments de la Police judiciaire d\u00e9pendant de la s\u00fbret\u00e9 de da\u00efra de Dr\u00e9an, le blogueur et activiste du hirak El Mounqid Zakaria Guerfa a comparu, avant-hier, devant le tribunal d\u2019instance de cette m\u00eame ville pour atteinte \u00e0 corps constitu\u00e9 et a \u00e9t\u00e9 condamn\u00e9 \u00e0 une amende de\u00a0 500 000 DA, avant d\u2019\u00eatre rel\u00e2ch\u00e9.<\/p>\n<p>Nous apprenons de sources proches de ce dossier que le jeune blogueur a fait l\u2019objet d\u2019une plainte du minist\u00e8re de la D\u00e9fense nationale apr\u00e8s la publication de posts jug\u00e9s outrageants envers l\u2019ANP. Ces m\u00eames sources ajoutent que le pr\u00e9venu avait refus\u00e9 de r\u00e9pondre \u00e0 une convocation du parquet de Dr\u00e9an, ce qui expliquerait son arrestation muscl\u00e9e, lundi, devant son domicile, et son incarc\u00e9ration avant sa pr\u00e9sentation devant le juge.<\/p>\n<p>Nous apprenons, par ailleurs, que le r\u00e9dacteur en chef du quotidien r\u00e9gional Le Provincial, Mustapha Bendjema, a \u00e9t\u00e9 entendu, hier, dans les locaux de la s\u00fbret\u00e9 de wilaya d\u2019Annaba pour les m\u00eames motifs, \u00e0 savoir une pr\u00e9tendue atteinte \u00e0 corps constitu\u00e9, sur plainte de la Direction g\u00e9n\u00e9rale de la S\u00fbret\u00e9 nationale, cette fois.<\/p>\n<p>Contact\u00e9 juste apr\u00e8s avoir \u00e9t\u00e9 rel\u00e2ch\u00e9, le journaliste a tenu \u00e0 signaler qu\u2019il s\u2019est pr\u00e9sent\u00e9 normalement \u00e0 la convocation des policiers et qu\u2019il n\u2019a fait l\u2019objet d\u2019aucune contrainte durant son audition. \u201cOn m\u2019a pos\u00e9 des questions sur certaines de mes contributions \u00e0 propos du hirak sur les r\u00e9seaux sociaux en me demandant de rester \u00e0 la disposition de la justice\u201d, a soulign\u00e9 Mustapha Bendjema.<br \/>\u00a0<\/p>\n<p class=\"c10\"><strong>A. Allia<\/strong><\/p>\n<\/div>\n<p>Auteur:<br \/>\n<a href=\"https:\/\/www.liberte-algerie.com\/actualite\/un-blogueur-condamne-a-une-amende-de-500-000-da-320634\">Cliquez ici pour lire l&rsquo;article depuis sa source.<\/a><\/p>\n","protected":false},"excerpt":{"rendered":"<p>Interpell\u00e9, lundi, par les \u00e9l\u00e9ments de la Police judiciaire d\u00e9pendant de la s\u00fbret\u00e9 de da\u00efra de Dr\u00e9an, le blogueur et activiste du hirak El Mounqid Zakaria Guerfa a comparu, avant-hier, devant le tribunal d\u2019instance de cette m\u00eame ville pour atteinte \u00e0 corps constitu\u00e9 et a \u00e9t\u00e9 condamn\u00e9 \u00e0 une amende de\u00a0 500 000 DA, avant [&hellip;]<\/p>\n","protected":false},"author":1742,"featured_media":0,"comment_status":"closed","ping_status":"closed","sticky":false,"template":"","format":"standard","meta":{"fifu_image_url":"","fifu_image_alt":"","footnotes":""},"categories":[73,53],"tags":[],"class_list":["post-48311","post","type-post","status-publish","format-standard","hentry","category-actualite","category-algerie"],"_links":{"self":[{"href":"https:\/\/linitiative.ca\/International\/wp-json\/wp\/v2\/posts\/48311","targetHints":{"allow":["GET"]}}],"collection":[{"href":"https:\/\/linitiative.ca\/International\/wp-json\/wp\/v2\/posts"}],"about":[{"href":"https:\/\/linitiative.ca\/International\/wp-json\/wp\/v2\/types\/post"}],"author":[{"embeddable":true,"href":"https:\/\/linitiative.ca\/International\/wp-json\/wp\/v2\/users\/1742"}],"replies":[{"embeddable":true,"href":"https:\/\/linitiative.ca\/International\/wp-json\/wp\/v2\/comments?post=48311"}],"version-history":[{"count":0,"href":"https:\/\/linitiative.ca\/International\/wp-json\/wp\/v2\/posts\/48311\/revisions"}],"wp:attachment":[{"href":"https:\/\/linitiative.ca\/International\/wp-json\/wp\/v2\/media?parent=48311"}],"wp:term":[{"taxonomy":"category","embeddable":true,"href":"https:\/\/linitiative.ca\/International\/wp-json\/wp\/v2\/categories?post=48311"},{"taxonomy":"post_tag","embeddable":true,"href":"https:\/\/linitiative.ca\/International\/wp-json\/wp\/v2\/tags?post=48311"}],"curies":[{"name":"wp","href":"https:\/\/api.w.org\/{rel}","templated":true}]}}