{"id":48313,"date":"2019-07-25T07:47:28","date_gmt":"2019-07-25T11:47:28","guid":{"rendered":"https:\/\/linitiative.ca\/International\/classement-fifa-apres-le-fiasco-de-la-can-le-maroc-gagne-6-places\/"},"modified":"2019-07-25T07:47:28","modified_gmt":"2019-07-25T11:47:28","slug":"classement-fifa-apres-le-fiasco-de-la-can-le-maroc-gagne-6-places","status":"publish","type":"post","link":"https:\/\/linitiative.ca\/International\/classement-fifa-apres-le-fiasco-de-la-can-le-maroc-gagne-6-places\/","title":{"rendered":"Classement FIFA : Apr\u00e8s le fiasco de la CAN, le Maroc gagne 6 places !"},"content":{"rendered":"<p><strong>Apr\u00e8s la sortie choquante de la CAN, le Maroc occupe la cinqui\u00e8me place au niveau continentale derri\u00e8re la Tunisie, le S\u00e9n\u00e9gal, le Nig\u00e9ria et l\u2019Alg\u00e9rie.<\/strong><\/p>\n<div class=\"c10\"\/>\n<p>Malgr\u00e9 trois victoires en coupe d\u2019Afrique des nations contre la Namibie, la C\u00f4te d\u2019Ivoire et l\u2019Afrique du Sud, les Lions de l\u2019Atlas ont quitt\u00e9 la comp\u00e9tition tr\u00e8s t\u00f4t \u00e0 cause d\u2019un match nul contre e b\u00e9nin. Cela n\u2019a pas impact\u00e9 le classement de l\u2019\u00e9quipe nationale qui est pass\u00e9e de la 47<sup>\u00e8me<\/sup> \u00e0 la 41<sup>\u00e8me<\/sup> place mondiale au classement FIFA pour juillet 2019.<\/p>\n<p>L\u2019Alg\u00e9rie d\u00e9clar\u00e9 championne d\u2019Afrique pour l\u2019\u00e9dition de la CAN 2019 en Egypte est class\u00e9e 40<sup>\u00e8me<\/sup> en grimpent plus de 28 positions et ainsi r\u00e9alise la plus nette progression en engrangeant pas moins de 117 points, tandis que le S\u00e9n\u00e9gal en 20<sup>\u00e8me<\/sup> (+2) place finaliste int\u00e8gre pour la premi\u00e8re fois le Top20. Le Nig\u00e9ria demi-finaliste en 33<sup>\u00e8me<\/sup> (+12) place ainsi que la surprise de la CAN, le Madagascar en 96<sup>\u00e8me<\/sup> (+12) place et le B\u00e9nin en 82<sup>\u00e8me<\/sup> (+6).<\/p>\n<p><img loading=\"lazy\" decoding=\"async\" class=\"alignnone size-full wp-image-113730\" src=\"https:\/\/www.challenge.ma\/wp-content\/uploads\/2019\/07\/Screenshot_2019-07-25-Le-Classement-mondial-FIFA-Coca-Cola-Classement-complet-FIFA-com1.png\" alt=\"\" width=\"1190\" height=\"170\" srcset=\"https:\/\/www.challenge.ma\/wp-content\/uploads\/2019\/07\/Screenshot_2019-07-25-Le-Classement-mondial-FIFA-Coca-Cola-Classement-complet-FIFA-com1.png 1190w, https:\/\/www.challenge.ma\/wp-content\/uploads\/2019\/07\/Screenshot_2019-07-25-Le-Classement-mondial-FIFA-Coca-Cola-Classement-complet-FIFA-com1-300x43.png 300w, https:\/\/www.challenge.ma\/wp-content\/uploads\/2019\/07\/Screenshot_2019-07-25-Le-Classement-mondial-FIFA-Coca-Cola-Classement-complet-FIFA-com1-768x110.png 768w, https:\/\/www.challenge.ma\/wp-content\/uploads\/2019\/07\/Screenshot_2019-07-25-Le-Classement-mondial-FIFA-Coca-Cola-Classement-complet-FIFA-com1-1024x146.png 1024w, https:\/\/www.challenge.ma\/wp-content\/uploads\/2019\/07\/Screenshot_2019-07-25-Le-Classement-mondial-FIFA-Coca-Cola-Classement-complet-FIFA-com1-360x51.png 360w, https:\/\/www.challenge.ma\/wp-content\/uploads\/2019\/07\/Screenshot_2019-07-25-Le-Classement-mondial-FIFA-Coca-Cola-Classement-complet-FIFA-com1-750x107.png 750w\" sizes=\"auto, (max-width: 1190px) 100vw, 1190px\"\/><\/p>\n<p><img loading=\"lazy\" decoding=\"async\" class=\"alignnone size-full wp-image-113731\" src=\"https:\/\/www.challenge.ma\/wp-content\/uploads\/2019\/07\/Screenshot_2019-07-25-Le-Classement-mondial-FIFA-Coca-Cola-Classement-complet-FIFA-com2.png\" alt=\"\" width=\"1183\" height=\"237\" srcset=\"https:\/\/www.challenge.ma\/wp-content\/uploads\/2019\/07\/Screenshot_2019-07-25-Le-Classement-mondial-FIFA-Coca-Cola-Classement-complet-FIFA-com2.png 1183w, https:\/\/www.challenge.ma\/wp-content\/uploads\/2019\/07\/Screenshot_2019-07-25-Le-Classement-mondial-FIFA-Coca-Cola-Classement-complet-FIFA-com2-300x60.png 300w, https:\/\/www.challenge.ma\/wp-content\/uploads\/2019\/07\/Screenshot_2019-07-25-Le-Classement-mondial-FIFA-Coca-Cola-Classement-complet-FIFA-com2-768x154.png 768w, https:\/\/www.challenge.ma\/wp-content\/uploads\/2019\/07\/Screenshot_2019-07-25-Le-Classement-mondial-FIFA-Coca-Cola-Classement-complet-FIFA-com2-1024x205.png 1024w, https:\/\/www.challenge.ma\/wp-content\/uploads\/2019\/07\/Screenshot_2019-07-25-Le-Classement-mondial-FIFA-Coca-Cola-Classement-complet-FIFA-com2-360x72.png 360w, https:\/\/www.challenge.ma\/wp-content\/uploads\/2019\/07\/Screenshot_2019-07-25-Le-Classement-mondial-FIFA-Coca-Cola-Classement-complet-FIFA-com2-750x150.png 750w\" sizes=\"auto, (max-width: 1183px) 100vw, 1183px\"\/><\/p>\n<p>Au niveau international, la Belgique est en t\u00eate, suivie du Br\u00e9sil, de la France, de l\u2019Angleterre et de l\u2019Uruguay. A noter que le prochain classement FIFA sera publi\u00e9 le 19 septembre 2019.<\/p>\n<p><img loading=\"lazy\" decoding=\"async\" class=\"alignnone size-full wp-image-113729\" src=\"https:\/\/www.challenge.ma\/wp-content\/uploads\/2019\/07\/Screenshot_2019-07-25-Le-Classement-mondial-FIFA-Coca-Cola-Classement-complet-FIFA-com.png\" alt=\"\" width=\"1189\" height=\"292\" srcset=\"https:\/\/www.challenge.ma\/wp-content\/uploads\/2019\/07\/Screenshot_2019-07-25-Le-Classement-mondial-FIFA-Coca-Cola-Classement-complet-FIFA-com.png 1189w, https:\/\/www.challenge.ma\/wp-content\/uploads\/2019\/07\/Screenshot_2019-07-25-Le-Classement-mondial-FIFA-Coca-Cola-Classement-complet-FIFA-com-300x74.png 300w, https:\/\/www.challenge.ma\/wp-content\/uploads\/2019\/07\/Screenshot_2019-07-25-Le-Classement-mondial-FIFA-Coca-Cola-Classement-complet-FIFA-com-768x189.png 768w, https:\/\/www.challenge.ma\/wp-content\/uploads\/2019\/07\/Screenshot_2019-07-25-Le-Classement-mondial-FIFA-Coca-Cola-Classement-complet-FIFA-com-1024x251.png 1024w, https:\/\/www.challenge.ma\/wp-content\/uploads\/2019\/07\/Screenshot_2019-07-25-Le-Classement-mondial-FIFA-Coca-Cola-Classement-complet-FIFA-com-360x88.png 360w, https:\/\/www.challenge.ma\/wp-content\/uploads\/2019\/07\/Screenshot_2019-07-25-Le-Classement-mondial-FIFA-Coca-Cola-Classement-complet-FIFA-com-750x184.png 750w\" sizes=\"auto, (max-width: 1189px) 100vw, 1189px\"\/><\/p>\n<div class=\"c17\">\n<fieldset class=\"c16\">\n<legend><strong><span class=\"c11\">Challenge<\/span><span class=\"c12\">news<\/span><\/strong><\/legend>\n<div class=\"c15\">Le meilleur de la r\u00e9daction s\u00e9lectionn\u00e9 par Challenge :<\/p>\n<\/div>\n<\/fieldset>\n<\/div>\n<p>Auteur: Hajar DARI<br \/>\n<a href=\"https:\/\/www.challenge.ma\/classement-fifa-apres-le-fiasco-de-la-can-le-maroc-gagne-6-places-113713\/\">Cliquez ici pour lire l&rsquo;article depuis sa source.<\/a><\/p>\n","protected":false},"excerpt":{"rendered":"<p>Apr\u00e8s la sortie choquante de la CAN, le Maroc occupe la cinqui\u00e8me place au niveau continentale derri\u00e8re la Tunisie, le S\u00e9n\u00e9gal, le Nig\u00e9ria et l\u2019Alg\u00e9rie. Malgr\u00e9 trois victoires en coupe d\u2019Afrique des nations contre la Namibie, la C\u00f4te d\u2019Ivoire et l\u2019Afrique du Sud, les Lions de l\u2019Atlas ont quitt\u00e9 la comp\u00e9tition tr\u00e8s t\u00f4t \u00e0 cause [&hellip;]<\/p>\n","protected":false},"author":1787,"featured_media":48320,"comment_status":"closed","ping_status":"closed","sticky":false,"template":"","format":"standard","meta":{"fifu_image_url":"","fifu_image_alt":"","footnotes":""},"categories":[78,54],"tags":[],"class_list":["post-48313","post","type-post","status-publish","format-standard","has-post-thumbnail","hentry","category-economie","category-maroc"],"_links":{"self":[{"href":"https:\/\/linitiative.ca\/International\/wp-json\/wp\/v2\/posts\/48313","targetHints":{"allow":["GET"]}}],"collection":[{"href":"https:\/\/linitiative.ca\/International\/wp-json\/wp\/v2\/posts"}],"about":[{"href":"https:\/\/linitiative.ca\/International\/wp-json\/wp\/v2\/types\/post"}],"author":[{"embeddable":true,"href":"https:\/\/linitiative.ca\/International\/wp-json\/wp\/v2\/users\/1787"}],"replies":[{"embeddable":true,"href":"https:\/\/linitiative.ca\/International\/wp-json\/wp\/v2\/comments?post=48313"}],"version-history":[{"count":0,"href":"https:\/\/linitiative.ca\/International\/wp-json\/wp\/v2\/posts\/48313\/revisions"}],"wp:featuredmedia":[{"embeddable":true,"href":"https:\/\/linitiative.ca\/International\/wp-json\/"}],"wp:attachment":[{"href":"https:\/\/linitiative.ca\/International\/wp-json\/wp\/v2\/media?parent=48313"}],"wp:term":[{"taxonomy":"category","embeddable":true,"href":"https:\/\/linitiative.ca\/International\/wp-json\/wp\/v2\/categories?post=48313"},{"taxonomy":"post_tag","embeddable":true,"href":"https:\/\/linitiative.ca\/International\/wp-json\/wp\/v2\/tags?post=48313"}],"curies":[{"name":"wp","href":"https:\/\/api.w.org\/{rel}","templated":true}]}}