{"id":48316,"date":"2019-07-25T06:15:00","date_gmt":"2019-07-25T10:15:00","guid":{"rendered":"https:\/\/linitiative.ca\/International\/fes-meknes-la-chambre-dartisanat-trace-ses-priorites\/"},"modified":"2019-07-25T06:15:00","modified_gmt":"2019-07-25T10:15:00","slug":"fes-meknes-la-chambre-dartisanat-trace-ses-priorites","status":"publish","type":"post","link":"https:\/\/linitiative.ca\/International\/fes-meknes-la-chambre-dartisanat-trace-ses-priorites\/","title":{"rendered":"F\u00e8s-Mekn\u00e8s: La Chambre d\u2019artisanat trace ses priorit\u00e9s"},"content":{"rendered":"<div readability=\"38\">\n<p>Des partenariats pour promouvoir le secteur<\/p>\n<p>Cuir, tissage, brocard\u2026 Sajid promet son appui<\/p>\n<p>Une couverture sociale pour les artisans\u2026 aussi<\/p>\n<\/div>\n<div readability=\"128\">\n<div class=\"dnd-atom-wrapper type-image context-sdl_editor_representation\" contenteditable=\"false\" readability=\"33.5\">\n<div class=\"dnd-drop-wrapper image\"><img loading=\"lazy\" decoding=\"async\" typeof=\"foaf:Image\" class=\"img-responsive\" src=\"https:\/\/mobile.leconomiste.com\/sites\/default\/files\/eco7\/public\/thumbnails\/image\/fes-meknes_artisanat_063.jpg\" width=\"800\" height=\"532\" alt=\"fes-meknes_artisanat_063.jpg\" title=\"fes-meknes_artisanat_063.jpg\"\/><\/div>\n<div class=\"dnd-legend-wrapper\" contenteditable=\"true\" readability=\"12\">\n<p class=\"rtejustify\">La fili\u00e8re du cuir est prioritaire dans le plan d\u2019action du minist\u00e8re de l\u2019Artisanat et la Chambre d\u2019artisanat de la r\u00e9gion F\u00e8s-Mekn\u00e8s. Afin de la promouvoir, un salon national lui a \u00e9t\u00e9 d\u00e9di\u00e9 du 12 au 22 juillet \u00e0 F\u00e8s. Ateliers de formation, exposition et commercialisation \u00e9taient au menu <em>(Ph.YSA)<\/em><\/p>\n<\/div>\n<\/div>\n<p class=\"rtejustify\">Les artisans de la r\u00e9gion F\u00e8s-Mekn\u00e8s avaient les yeux riv\u00e9s sur le 1er Salon national de l\u2019artisanat du cuir (SNAC). Organis\u00e9 du 12 au 22 juillet 2019, \u00e0 F\u00e8s, l\u2019\u00e9v\u00e9nement a connu un franc succ\u00e8s.<\/p>\n<p class=\"rtejustify\">En t\u00e9moignent les ventes r\u00e9alis\u00e9es par les 120 exposants, certains \u00e9puisant toutes leurs marchandises bien avant la fin du salon. Outre l\u2019activit\u00e9 commerciale, les participants y ont profit\u00e9 pour conna\u00eetre les nouveaut\u00e9s du secteur, se former, dans des ateliers aux techniques de production, marketing et commercialisation, et mettre en exergue ces techniques au niveau de l\u2019espace exposition, ouvert tous les jours de 14 heures \u00e0 minuit.<\/p>\n<p class=\"rtejustify\">Ils ont aussi rencontr\u00e9 Mohamed Sajid et Jamila El Moussali, respectivement ministre du Tourisme et de l\u2019Artisanat et secr\u00e9taire d\u2019Etat en charge de l\u2019Artisanat, qui leur ont promis appui et soutien \u00e0 leur secteur. D\u00e9cryptage. \u00a0<\/p>\n<p class=\"rtejustify\"><strong>\u25a0 Dix jours de formation, promotion et animation<\/strong><br \/>Organis\u00e9 au milieu du quartier Champs de course, sur un terrain qui devait initialement abriter un palais des congr\u00e8s, le SNAC \u00e9tait l\u2019occasion, pour la Chambre d\u2019artisanat de F\u00e8s-Mekn\u00e8s (CA-FM), de former les artisans, promouvoir le secteur et d\u00e9voiler son programme d\u2019action. En effet, la Chambre vient d\u2019approuver une s\u00e9rie de conventions de partenariat. Il s\u2019agit, entre autres, de l\u2019adoption d\u2019un projet d\u2019accord-cadre relatif \u00e0 la gestion du complexe de d\u00e9veloppement humain d\u2019A\u00efn Kadous, un accord de partenariat avec le minist\u00e8re du Tourisme et de l\u2019Artisanat pour soutenir le m\u00e9tier du tissage du brocard, ou encore deux conventions destin\u00e9es \u00e0 l\u2019extension et \u00e0 la r\u00e9habilitation de l\u2019Institut des arts de l\u2019artisanat dans les villes de F\u00e8s et Mekn\u00e8s. \u00abCes deux derniers accords s\u2019inscrivent dans le cadre d\u2019un programme de partenariat visant \u00e0 incarner les nouvelles orientations royales dans le domaine de la formation professionnelle portant sur la promotion du secteur, en vue de l\u2019\u00e9riger en levier de d\u00e9veloppement du pays\u00bb, explique Abdelmalek El Bouteyine, pr\u00e9sident de la Chambre d\u2019artisanat. Concr\u00e8tement, il sera proc\u00e9d\u00e9 \u00e0 la cr\u00e9ation d\u2019une nouvelle g\u00e9n\u00e9ration d\u2019\u00e9tablissements de formation professionnelle g\u00e9r\u00e9s en collaboration avec les secteurs public et priv\u00e9 et r\u00e9pondant aux besoins du march\u00e9. \u00abCes deux \u00e9tablissement auront un impact tr\u00e8s positif sur l\u2019avenir du secteur au niveau de la r\u00e9gion F\u00e8s-Mekn\u00e8s, ainsi que sur le plan national\u00bb, estime-t-il.<\/p>\n<p class=\"rtejustify\"><strong>\u25a0 Un budget de pr\u00e8s de 173 millions de DH mobilis\u00e9<\/strong><br \/>Du m\u00eame avis, Mohamed Sajid a soulign\u00e9 l\u2019importance du secteur de l\u2019artisanat au niveau de la r\u00e9gion F\u00e8s-Mekn\u00e8s. Une r\u00e9gion qui compte pas moins de 126.000 artisans. \u00abCette population participe \u00e0 la pr\u00e9servation et la transmission du patrimoine d\u2019artisanat, \u00e0 travers les g\u00e9n\u00e9rations\u00bb, dit le ministre de tutelle, exprimant son optimisme quant \u00e0 l\u2019avenir du secteur, et particuli\u00e8rement la fili\u00e8re du cuir qui attire environ 50% de la main-d\u2019\u0153uvre \u00e0 F\u00e8s.<br \/>A noter que des investissements de l\u2019ordre de 172,32 millions de DH ont \u00e9t\u00e9 mobilis\u00e9s pour la r\u00e9alisation de plusieurs projets au profit de fili\u00e8re du cuir \u00e0 F\u00e8s. Dans l\u2019ordre, il a \u00e9t\u00e9 proc\u00e9d\u00e9 \u00e0 la r\u00e9habilitation de trois tanneries traditionnelles, la construction d\u2019une tannerie traditionnelle compl\u00e9mentaire dans le p\u00f4le d\u2019artisanat A\u00efn Noqbi ainsi que d\u2019un march\u00e9 du cuir brut \u00e0 A\u00efn Noqbi, un centre d\u2019assistance technique pour la tannerie traditionnelle \u00e0 Chouara, en plus de l\u2019acquisition des \u00e9quipements de protection individuelle au profit des tanneurs de Chouara et l\u2019achat des \u00e9quipements de protection individuelle pour les tanneurs de Sidi Moussa et Ain Azliten. \u00abLe salon du cuir vient couronner ces r\u00e9alisations. Il est \u00e9galement un hommage \u00e0 la ville de F\u00e8s en tant que capitale du patrimoine par excellence\u00bb, exprime le ministre, annon\u00e7ant \u00abqu\u2019un projet de loi portant organisation des m\u00e9tiers d\u2019artisanat est en gestation\u00bb. Celui-ci vise \u00e0 am\u00e9liorer des conditions de travail des artisans, outre leur assurer une couverture sociale.<\/p>\n<p class=\"rtejustify\"><strong>\u25a0 Booster les ventes et am\u00e9liorer la qualit\u00e9\u2026<\/strong><br \/>Organis\u00e9 en partenariat avec le minist\u00e8re du Tourisme, du Transport a\u00e9rien, de l\u2019Artisanat et de l\u2019Economie sociale et le secr\u00e9tariat d\u2019Etat charg\u00e9 de l\u2019Artisanat et de l\u2019Economie sociale, le SNAC s\u2019est tenu cette ann\u00e9e sous le th\u00e8me \u00abLe secteur du cuir, des perspectives \u00e9conomiques prometteuses\u00bb. Pour ses initiateurs, ce salon vise \u00e0 valoriser l\u2019artisanat du cuir, \u00e0 faire conna\u00eetre ses m\u00e9tiers au public, \u00e0 propulser la qualit\u00e9 des produits et \u00e0 booster les ventes des produits d\u2019artisanat. Des ateliers de formation, de d\u00e9bat et d\u2019\u00e9change \u00e9taient au menu. Notons que 120 artisans et coop\u00e9ratives de diff\u00e9rentes r\u00e9gions du Royaume ont pris part \u00e0 cette 1re \u00e9dition. Au grand bonheur des visiteurs qui ont d\u00e9couvert les cr\u00e9ations des artisans dans les m\u00e9tiers de tannage des peaux, les produits de maroquinerie, les chaussures, les v\u00eatements et autres produits en cuir de toutes les r\u00e9gions du Royaume. Mieux encore, une animation culturelle et folklorique a \u00e9t\u00e9 propos\u00e9e \u00e0 l\u2019entr\u00e9e du salon afin de drainer les foules.<\/p>\n<p class=\"rtejustify\"><strong>\u25a0 Marketing et commercialisation\u2026 des chantiers prioritaires<\/strong><br \/>Au volet commercial, la Chambre d\u2019artisanat de la r\u00e9gion F\u00e8s-Mekn\u00e8s \u00abm\u00e8ne un chantier remarquable dans le domaine de la promotion et de la commercialisation, mettant en valeur la politique des salons th\u00e9matiques (bois, m\u00e9tal, cuir, et zellige) organis\u00e9s cette ann\u00e9e\u00bb. C\u2019est la conviction de Jamila El Moussali, secr\u00e9taire d\u2019Etat charg\u00e9e de l\u2019Artisanat et de l\u2019Economie sociale, pour qui \u00able SNAC \u00e9tait l\u2019occasion de promouvoir cet art ancestral, qui se transmet de p\u00e8re en fils\u00bb. \u00abSignalons enfin que les conventions de partenariat sign\u00e9es derni\u00e8rement avec des universit\u00e9s marocaines et le Haut-Commissariat aux eaux et for\u00eats devront valoriser les mati\u00e8res premi\u00e8res et les mettre au service du secteur du cuir\u00bb, conclut El Moussali.<\/p>\n<p class=\"rtejustify\"><em>De notre correspondant permanent, Youness SAAD ALAMI<\/em><\/p>\n<p class=\"rtejustify\">\u00a0<\/p>\n<p class=\"rtejustify\">\u00a0<\/p>\n<\/div>\n<p>Auteur: hlafriqi<br \/>\n<a href=\"https:\/\/www.leconomiste.com\/article\/1048246-fes-meknes-la-chambre-d-artisanat-trace-ses-priorites\">Cliquez ici pour lire l&rsquo;article depuis sa source.<\/a><\/p>\n","protected":false},"excerpt":{"rendered":"<p>Des partenariats pour promouvoir le secteur Cuir, tissage, brocard\u2026 Sajid promet son appui Une couverture sociale pour les artisans\u2026 aussi La fili\u00e8re du cuir est prioritaire dans le plan d\u2019action du minist\u00e8re de l\u2019Artisanat et la Chambre d\u2019artisanat de la r\u00e9gion F\u00e8s-Mekn\u00e8s. Afin de la promouvoir, un salon national lui a \u00e9t\u00e9 d\u00e9di\u00e9 du 12 [&hellip;]<\/p>\n","protected":false},"author":1763,"featured_media":48322,"comment_status":"closed","ping_status":"closed","sticky":false,"template":"","format":"standard","meta":{"fifu_image_url":"","fifu_image_alt":"","footnotes":""},"categories":[78,54],"tags":[],"class_list":["post-48316","post","type-post","status-publish","format-standard","has-post-thumbnail","hentry","category-economie","category-maroc"],"_links":{"self":[{"href":"https:\/\/linitiative.ca\/International\/wp-json\/wp\/v2\/posts\/48316","targetHints":{"allow":["GET"]}}],"collection":[{"href":"https:\/\/linitiative.ca\/International\/wp-json\/wp\/v2\/posts"}],"about":[{"href":"https:\/\/linitiative.ca\/International\/wp-json\/wp\/v2\/types\/post"}],"author":[{"embeddable":true,"href":"https:\/\/linitiative.ca\/International\/wp-json\/wp\/v2\/users\/1763"}],"replies":[{"embeddable":true,"href":"https:\/\/linitiative.ca\/International\/wp-json\/wp\/v2\/comments?post=48316"}],"version-history":[{"count":0,"href":"https:\/\/linitiative.ca\/International\/wp-json\/wp\/v2\/posts\/48316\/revisions"}],"wp:featuredmedia":[{"embeddable":true,"href":"https:\/\/linitiative.ca\/International\/wp-json\/"}],"wp:attachment":[{"href":"https:\/\/linitiative.ca\/International\/wp-json\/wp\/v2\/media?parent=48316"}],"wp:term":[{"taxonomy":"category","embeddable":true,"href":"https:\/\/linitiative.ca\/International\/wp-json\/wp\/v2\/categories?post=48316"},{"taxonomy":"post_tag","embeddable":true,"href":"https:\/\/linitiative.ca\/International\/wp-json\/wp\/v2\/tags?post=48316"}],"curies":[{"name":"wp","href":"https:\/\/api.w.org\/{rel}","templated":true}]}}