{"id":48317,"date":"2019-07-24T19:00:00","date_gmt":"2019-07-24T23:00:00","guid":{"rendered":"https:\/\/linitiative.ca\/International\/notre-forum-rend-hommage-a-aissat-idir-la-contribution-du-syndicalisme-a-la-lutte-pour-lindependance\/"},"modified":"2019-07-24T19:00:00","modified_gmt":"2019-07-24T23:00:00","slug":"notre-forum-rend-hommage-a-aissat-idir-la-contribution-du-syndicalisme-a-la-lutte-pour-lindependance","status":"publish","type":"post","link":"https:\/\/linitiative.ca\/International\/notre-forum-rend-hommage-a-aissat-idir-la-contribution-du-syndicalisme-a-la-lutte-pour-lindependance\/","title":{"rendered":"Notre forum rend hommage \u00e0 A\u00efssat Idir : La contribution du syndicalisme \u00e0 la lutte pour l\u2019ind\u00e9pendance"},"content":{"rendered":"<div>La Centrale syndicale a toujours r\u00e9pondu<br \/>\n\u00e0 l\u2019appel de la nation, pour pr\u00e9server<br \/>\nla stabilit\u00e9, la s\u00e9curit\u00e9 et la paix.<img loading=\"lazy\" decoding=\"async\" src=\"http:\/\/feeds.feedburner.com\/~r\/ElmoudjahidArticles\/~4\/kWfvc91EtNM\" height=\"1\" width=\"1\" alt=\"\"><\/div>\n<p>Auteur: elmoudjahid<br \/>\n<a href=\"http:\/\/feedproxy.google.com\/~r\/ElmoudjahidArticles\/~3\/kWfvc91EtNM\/139750\">Cliquez ici pour lire l&rsquo;article depuis sa source.<\/a><\/p>\n","protected":false},"excerpt":{"rendered":"<p>La Centrale syndicale a toujours r\u00e9pondu \u00e0 l\u2019appel de la nation, pour pr\u00e9server la stabilit\u00e9, la s\u00e9curit\u00e9 et la paix. Auteur: elmoudjahid Cliquez ici pour lire l&rsquo;article depuis sa source.<\/p>\n","protected":false},"author":1744,"featured_media":0,"comment_status":"closed","ping_status":"closed","sticky":false,"template":"","format":"standard","meta":{"fifu_image_url":"","fifu_image_alt":"","footnotes":""},"categories":[73,53],"tags":[],"class_list":["post-48317","post","type-post","status-publish","format-standard","hentry","category-actualite","category-algerie"],"_links":{"self":[{"href":"https:\/\/linitiative.ca\/International\/wp-json\/wp\/v2\/posts\/48317","targetHints":{"allow":["GET"]}}],"collection":[{"href":"https:\/\/linitiative.ca\/International\/wp-json\/wp\/v2\/posts"}],"about":[{"href":"https:\/\/linitiative.ca\/International\/wp-json\/wp\/v2\/types\/post"}],"author":[{"embeddable":true,"href":"https:\/\/linitiative.ca\/International\/wp-json\/wp\/v2\/users\/1744"}],"replies":[{"embeddable":true,"href":"https:\/\/linitiative.ca\/International\/wp-json\/wp\/v2\/comments?post=48317"}],"version-history":[{"count":0,"href":"https:\/\/linitiative.ca\/International\/wp-json\/wp\/v2\/posts\/48317\/revisions"}],"wp:attachment":[{"href":"https:\/\/linitiative.ca\/International\/wp-json\/wp\/v2\/media?parent=48317"}],"wp:term":[{"taxonomy":"category","embeddable":true,"href":"https:\/\/linitiative.ca\/International\/wp-json\/wp\/v2\/categories?post=48317"},{"taxonomy":"post_tag","embeddable":true,"href":"https:\/\/linitiative.ca\/International\/wp-json\/wp\/v2\/tags?post=48317"}],"curies":[{"name":"wp","href":"https:\/\/api.w.org\/{rel}","templated":true}]}}