{"id":48324,"date":"2019-07-25T06:00:00","date_gmt":"2019-07-25T10:00:00","guid":{"rendered":"https:\/\/linitiative.ca\/International\/meziane-mohamed-place-sous-controle-judiciaire\/"},"modified":"2019-07-25T06:00:00","modified_gmt":"2019-07-25T10:00:00","slug":"meziane-mohamed-place-sous-controle-judiciaire","status":"publish","type":"post","link":"https:\/\/linitiative.ca\/International\/meziane-mohamed-place-sous-controle-judiciaire\/","title":{"rendered":"Meziane Mohamed plac\u00e9 sous contr\u00f4le judiciaire"},"content":{"rendered":"<div id=\"originalText\" readability=\"53\">\n<p>Le conseiller instructeur pr\u00e8s la Cour supr\u00eame (Alger) a ordonn\u00e9 le placement sous contr\u00f4le judiciaire de l&rsquo;ex-P-DG de Sonatrach Meziane Mohamed, avec retrait de passeport, apr\u00e8s son audition dans le cadre d&rsquo;enqu\u00eates anti-corruption, a indiqu\u00e9 hier la Cour supr\u00eame dans un communiqu\u00e9.<\/p>\n<p>\u201cDans le cadre de l&rsquo;enqu\u00eate ouverte au niveau de la Cour supr\u00eame, le conseiller instructeur a auditionn\u00e9, le 23 juillet 2019, l&rsquo;ex-P-DG de Sonatrach Meziane Mohamed, poursuivi pour plusieurs d\u00e9lits\u201d, a pr\u00e9cis\u00e9 le communiqu\u00e9.<\/p>\n<p>\u201cLe pr\u00e9venu est poursuivi pour passation de march\u00e9 en violation des dispositions l\u00e9gales et r\u00e9glementaires en vigueur en vue de l&rsquo;octroi de privil\u00e8ges injustifi\u00e9s \u00e0 autrui, dilapidation de deniers publics et abus de fonction\u201d, ajoute le communiqu\u00e9.\u00a0 \u00a0 \u00a0 \u00a0 \u00a0 \u00a0 \u00a0 \u00a0 \u00a0 \u00a0 \u00a0 \u00a0 \u00a0 \u00a0 \u00a0 \u00a0 \u00a0 \u00a0 \u00a0 \u00a0 \u00a0 \u00a0 \u00a0 \u00a0 \u00a0 \u00a0 \u00a0 \u00a0 \u00a0 \u00a0 \u00a0 \u00a0 \u00a0 \u00a0 \u00a0 \u00a0<br \/>\u00a0<\/p>\n<p class=\"c10\"><strong>APS<\/strong><\/p>\n<\/div>\n<div id=\"text_core\" readability=\"53\">\n<p>Le conseiller instructeur pr\u00e8s la Cour supr\u00eame (Alger) a ordonn\u00e9 le placement sous contr\u00f4le judiciaire de l&rsquo;ex-P-DG de Sonatrach Meziane Mohamed, avec retrait de passeport, apr\u00e8s son audition dans le cadre d&rsquo;enqu\u00eates anti-corruption, a indiqu\u00e9 hier la Cour supr\u00eame dans un communiqu\u00e9.<\/p>\n<p>\u201cDans le cadre de l&rsquo;enqu\u00eate ouverte au niveau de la Cour supr\u00eame, le conseiller instructeur a auditionn\u00e9, le 23 juillet 2019, l&rsquo;ex-P-DG de Sonatrach Meziane Mohamed, poursuivi pour plusieurs d\u00e9lits\u201d, a pr\u00e9cis\u00e9 le communiqu\u00e9.<\/p>\n<p>\u201cLe pr\u00e9venu est poursuivi pour passation de march\u00e9 en violation des dispositions l\u00e9gales et r\u00e9glementaires en vigueur en vue de l&rsquo;octroi de privil\u00e8ges injustifi\u00e9s \u00e0 autrui, dilapidation de deniers publics et abus de fonction\u201d, ajoute le communiqu\u00e9.\u00a0 \u00a0 \u00a0 \u00a0 \u00a0 \u00a0 \u00a0 \u00a0 \u00a0 \u00a0 \u00a0 \u00a0 \u00a0 \u00a0 \u00a0 \u00a0 \u00a0 \u00a0 \u00a0 \u00a0 \u00a0 \u00a0 \u00a0 \u00a0 \u00a0 \u00a0 \u00a0 \u00a0 \u00a0 \u00a0 \u00a0 \u00a0 \u00a0 \u00a0 \u00a0 \u00a0<br \/>\u00a0<\/p>\n<p class=\"c10\"><strong>APS<\/strong><\/p>\n<\/div>\n<p>Auteur:<br \/>\n<a href=\"https:\/\/www.liberte-algerie.com\/actualite\/meziane-mohamed-place-sous-controle-judiciaire-320633\">Cliquez ici pour lire l&rsquo;article depuis sa source.<\/a><\/p>\n","protected":false},"excerpt":{"rendered":"<p>Le conseiller instructeur pr\u00e8s la Cour supr\u00eame (Alger) a ordonn\u00e9 le placement sous contr\u00f4le judiciaire de l&rsquo;ex-P-DG de Sonatrach Meziane Mohamed, avec retrait de passeport, apr\u00e8s son audition dans le cadre d&rsquo;enqu\u00eates anti-corruption, a indiqu\u00e9 hier la Cour supr\u00eame dans un communiqu\u00e9. \u201cDans le cadre de l&rsquo;enqu\u00eate ouverte au niveau de la Cour supr\u00eame, le [&hellip;]<\/p>\n","protected":false},"author":1742,"featured_media":0,"comment_status":"closed","ping_status":"closed","sticky":false,"template":"","format":"standard","meta":{"fifu_image_url":"","fifu_image_alt":"","footnotes":""},"categories":[73,53],"tags":[],"class_list":["post-48324","post","type-post","status-publish","format-standard","hentry","category-actualite","category-algerie"],"_links":{"self":[{"href":"https:\/\/linitiative.ca\/International\/wp-json\/wp\/v2\/posts\/48324","targetHints":{"allow":["GET"]}}],"collection":[{"href":"https:\/\/linitiative.ca\/International\/wp-json\/wp\/v2\/posts"}],"about":[{"href":"https:\/\/linitiative.ca\/International\/wp-json\/wp\/v2\/types\/post"}],"author":[{"embeddable":true,"href":"https:\/\/linitiative.ca\/International\/wp-json\/wp\/v2\/users\/1742"}],"replies":[{"embeddable":true,"href":"https:\/\/linitiative.ca\/International\/wp-json\/wp\/v2\/comments?post=48324"}],"version-history":[{"count":0,"href":"https:\/\/linitiative.ca\/International\/wp-json\/wp\/v2\/posts\/48324\/revisions"}],"wp:attachment":[{"href":"https:\/\/linitiative.ca\/International\/wp-json\/wp\/v2\/media?parent=48324"}],"wp:term":[{"taxonomy":"category","embeddable":true,"href":"https:\/\/linitiative.ca\/International\/wp-json\/wp\/v2\/categories?post=48324"},{"taxonomy":"post_tag","embeddable":true,"href":"https:\/\/linitiative.ca\/International\/wp-json\/wp\/v2\/tags?post=48324"}],"curies":[{"name":"wp","href":"https:\/\/api.w.org\/{rel}","templated":true}]}}