{"id":48326,"date":"2019-07-24T19:00:00","date_gmt":"2019-07-24T23:00:00","guid":{"rendered":"https:\/\/linitiative.ca\/International\/justice-lex-pdg-de-sonatrach-meziane-mohamed-sous-controle-judiciaire\/"},"modified":"2019-07-24T19:00:00","modified_gmt":"2019-07-24T23:00:00","slug":"justice-lex-pdg-de-sonatrach-meziane-mohamed-sous-controle-judiciaire","status":"publish","type":"post","link":"https:\/\/linitiative.ca\/International\/justice-lex-pdg-de-sonatrach-meziane-mohamed-sous-controle-judiciaire\/","title":{"rendered":"Justice : L\u2019ex-PDG de Sonatrach, Meziane Mohamed, sous contr\u00f4le judiciaire"},"content":{"rendered":"<div>\u00abDans le cadre de l\u2019enqu\u00eate ouverte au niveau de la Cour supr\u00eame, le Conseiller instructeur a auditionn\u00e9, le 23 juillet 2019, l\u2019ex-PDG de Sonatrach, Meziane Mohamed, poursuivi pour plusieurs d\u00e9lits\u00bb, a pr\u00e9cis\u00e9 le communiqu\u00e9<img loading=\"lazy\" decoding=\"async\" src=\"http:\/\/feeds.feedburner.com\/~r\/ElmoudjahidArticles\/~4\/xUbYzp_S_cs\" height=\"1\" width=\"1\" alt=\"\"><\/div>\n<p>Auteur: elmoudjahid<br \/>\n<a href=\"http:\/\/feedproxy.google.com\/~r\/ElmoudjahidArticles\/~3\/xUbYzp_S_cs\/139751\">Cliquez ici pour lire l&rsquo;article depuis sa source.<\/a><\/p>\n","protected":false},"excerpt":{"rendered":"<p>\u00abDans le cadre de l\u2019enqu\u00eate ouverte au niveau de la Cour supr\u00eame, le Conseiller instructeur a auditionn\u00e9, le 23 juillet 2019, l\u2019ex-PDG de Sonatrach, Meziane Mohamed, poursuivi pour plusieurs d\u00e9lits\u00bb, a pr\u00e9cis\u00e9 le communiqu\u00e9 Auteur: elmoudjahid Cliquez ici pour lire l&rsquo;article depuis sa source.<\/p>\n","protected":false},"author":1744,"featured_media":0,"comment_status":"closed","ping_status":"closed","sticky":false,"template":"","format":"standard","meta":{"fifu_image_url":"","fifu_image_alt":"","footnotes":""},"categories":[73,53],"tags":[],"class_list":["post-48326","post","type-post","status-publish","format-standard","hentry","category-actualite","category-algerie"],"_links":{"self":[{"href":"https:\/\/linitiative.ca\/International\/wp-json\/wp\/v2\/posts\/48326","targetHints":{"allow":["GET"]}}],"collection":[{"href":"https:\/\/linitiative.ca\/International\/wp-json\/wp\/v2\/posts"}],"about":[{"href":"https:\/\/linitiative.ca\/International\/wp-json\/wp\/v2\/types\/post"}],"author":[{"embeddable":true,"href":"https:\/\/linitiative.ca\/International\/wp-json\/wp\/v2\/users\/1744"}],"replies":[{"embeddable":true,"href":"https:\/\/linitiative.ca\/International\/wp-json\/wp\/v2\/comments?post=48326"}],"version-history":[{"count":0,"href":"https:\/\/linitiative.ca\/International\/wp-json\/wp\/v2\/posts\/48326\/revisions"}],"wp:attachment":[{"href":"https:\/\/linitiative.ca\/International\/wp-json\/wp\/v2\/media?parent=48326"}],"wp:term":[{"taxonomy":"category","embeddable":true,"href":"https:\/\/linitiative.ca\/International\/wp-json\/wp\/v2\/categories?post=48326"},{"taxonomy":"post_tag","embeddable":true,"href":"https:\/\/linitiative.ca\/International\/wp-json\/wp\/v2\/tags?post=48326"}],"curies":[{"name":"wp","href":"https:\/\/api.w.org\/{rel}","templated":true}]}}