{"id":48328,"date":"2019-07-25T05:00:56","date_gmt":"2019-07-25T09:00:56","guid":{"rendered":"https:\/\/linitiative.ca\/International\/djamel-chaib-proprietaire-de-la-ferme-pedagogique-de-zeralda-les-fermes-pedagogiques-sont-une-ecole-pratique-pour-les-bons-consommateurs-de-demain\/"},"modified":"2019-07-25T05:00:56","modified_gmt":"2019-07-25T09:00:56","slug":"djamel-chaib-proprietaire-de-la-ferme-pedagogique-de-zeralda-les-fermes-pedagogiques-sont-une-ecole-pratique-pour-les-bons-consommateurs-de-demain","status":"publish","type":"post","link":"https:\/\/linitiative.ca\/International\/djamel-chaib-proprietaire-de-la-ferme-pedagogique-de-zeralda-les-fermes-pedagogiques-sont-une-ecole-pratique-pour-les-bons-consommateurs-de-demain\/","title":{"rendered":"Djamel Cha\u00efb. Propri\u00e9taire de la ferme p\u00e9dagogique de Z\u00e9ralda : \u00abLes fermes p\u00e9dagogiques sont une \u00e9cole pratique pour les bons consommateurs de demain\u00bb"},"content":{"rendered":"<h4 class=\"title-14\"\/>\n<div class=\"featured_image\"><img width=\"499\" height=\"430\" data-cfsrc=\"https:\/\/www.elwatan.com\/wp-content\/uploads\/2019\/07\/firma-e1564054870303.gif\" class=\"attachment-post-thumbnail size-post-thumbnail wp-post-image c2\" alt=\"Djamel Cha\u00efb. Propri\u00e9taire de la ferme p\u00e9dagogique de Z\u00e9ralda : \u00abLes fermes p\u00e9dagogiques sont une \u00e9cole pratique pour les bons consommateurs de demain\u00bb\"\/><noscript><\/p>\n<p><img loading=\"lazy\" decoding=\"async\" width=\"499\" height=\"430\" src=\"https:\/\/www.elwatan.com\/wp-content\/uploads\/2019\/07\/firma-e1564054870303.gif\" class=\"attachment-post-thumbnail size-post-thumbnail wp-post-image\" alt=\"Djamel Cha\u00efb. Propri\u00e9taire de la ferme p\u00e9dagogique de Z\u00e9ralda : \u00abLes fermes p\u00e9dagogiques sont une \u00e9cole pratique pour les bons consommateurs de demain\u00bb\"\/><\/p>\n<p><\/noscript> <span class=\"featured-image-caption\">Djamel Cha\u00efb. Propri\u00e9taire de la ferme p\u00e9dagogique de Z\u00e9ralda<\/span><\/div>\n<p class=\"p5\"><em><strong>\u2013 Vous avez l\u2019unique ferme p\u00e9dagogique d\u2019Alg\u00e9rie. Comment vous est venue l\u2019id\u00e9e\u00a0?<\/strong><\/em><\/p>\n<p class=\"p5\">Etant un jeune agriculteur, qui cherche toujours \u00e0 \u00e9voluer, j\u2019ai eu \u00e0 visiter beaucoup de fermes p\u00e9dagogiques en Europe. J\u2019ai d\u00e9couvert que finalement ces espaces avaient un r\u00f4le tr\u00e8s important \u00e0 jouer.<\/p>\n<p class=\"p5\">En plus de leur importance culturelle, j\u2019ai d\u00e9couvert qu\u2019elles peuvent faire d\u2019un enfant qui conna\u00eet toutes les \u00e9tapes allant de la fourche \u00e0 la fourchette, un bon ing\u00e9nieur agronome, un bon v\u00e9t\u00e9rinaire, mais surtout un excellent consommateur. Un bon consommateur signifie toutes les connaissances n\u00e9cessaires pour exiger un produit de qualit\u00e9 sup\u00e9rieure. Lever cette barre d\u2019exigence oblige les autorit\u00e9s \u00e0 contr\u00f4ler plus le march\u00e9, l\u2019industriel \u00e0 r\u00e9pondre positivement en am\u00e9liorant ses produits et fr\u00f4ler la perfection, et l\u2019agriculteur \u00e0 veiller \u00e0 fournir des produits agricoles les plus sains possible.<\/p>\n<p class=\"p5\">Finalement, les fermes p\u00e9dagogiques sont une \u00e9cole pratique pour de bons consommateurs de demain. C\u2019est de l\u00e0 que l\u2019id\u00e9e m\u2019est venue. J\u2019ai fait un test sur mes deux enfants afin de conna\u00eetre le degr\u00e9 d\u2019int\u00e9r\u00eat qu\u2019ils peuvent apporter. Apr\u00e8s ce test positif, j\u2019ai commenc\u00e9 \u00e0 chercher \u00e0 me former afin de mieux comprendre ce projet d\u2019utilit\u00e9 publique et lancer le projet sur des connaissances et des exp\u00e9riences r\u00e9ussies.<\/p>\n<p class=\"p5\"><em><strong>\u2013 Votre ferme est faite enti\u00e8rement de produits recycl\u00e9s. Comment avez-vous fait\u00a0?<\/strong><\/em><\/p>\n<p class=\"p5\">Avant m\u00eame d\u2019avoir le terrain, j\u2019ai commenc\u00e9 \u00e0 collecter les produits. Des c\u00e2bles et objets jet\u00e9s, du bois et de la ferraille de r\u00e9cup\u00e9ration, des pyl\u00f4nes en bois perdus dans la nature. J\u2019ai collect\u00e9 beaucoup d\u2019objets, au point que tout le monde qui me voyait ne comprenait plus rien \u00e0 ce je faisais. Je voulais la faire avant dans la wilaya de Tipasa, mais \u00e7a n\u2019a pas abouti.<\/p>\n<p class=\"p5\">Apr\u00e8s il y a eu l\u2019initiative de partenariat public\/priv\u00e9. J\u2019ai saut\u00e9 sur l\u2019occasion et j\u2019ai eu ce terrain \u00e0 Z\u00e9ralda. Mon projet, dont l\u2019\u00e9tude \u00e9tait finalis\u00e9e, a pu enfin \u00eatre lanc\u00e9. Il a vu le jour en<span class=\"Apple-converted-space\">\u00a0<\/span> octobre 2016 et emploie aujourd\u2019hui une trentaine de personnes.<\/p>\n<p class=\"p5\"><em><strong>\u2013 Vous dispensez beaucoup de formations ici \u00e0 la ferme\u2026<\/strong><\/em><\/p>\n<p class=\"p5\">En effet, dans la ferme, nous assurons plusieurs activit\u00e9s pour les petits et les grands. Nous avons plusieurs ateliers p\u00e9dagogiques, tels que l\u2019atelier confiture, pain, initiation \u00e0 l\u2019\u00e9quitation, jardinage, fromage, toilettage des animaux, de r\u00e9cup\u00e9ration, transformation agro-alimentaire et des ateliers artistiques. En plus de la visite guid\u00e9e \u00e0 la ferme et l\u2019explication de la vie dans une ferme, nous proposons plusieurs formations.<\/p>\n<p class=\"p5\">Nous avons des formations pour le renforcement des capacit\u00e9s des producteurs des plantes aromatiques, m\u00e9dicinales et des huiles essentielles. D\u2019autres pour la fabrication du fromage, du savon et de la cosm\u00e9tique. Nous organisons \u00e9galement des \u00e9v\u00e9nements tels que la Journ\u00e9e nationale sur la vulgarisation agricole. En partenariat avec l\u2019association Torba, nous proposons des parcelles de 20 m\u00b2 Tafas pour faire de l\u2019agriculture bio et r\u00e9colter un panier bio hebdomadaire. Nous organisons \u00e9galement des march\u00e9s comme celui de Yennayer ou celui du printemps.<\/p>\n<p><span class=\"post-views-label\">Post Views:<\/span> <span class=\"post-views-count\">73<\/span><\/p>\n<p><br class=\"c4\"\/><\/p>\n<p>Auteur: Anis Khecheba<br \/>\n<a href=\"https:\/\/www.elwatan.com\/pages-hebdo\/magazine\/les-fermes-pedagogiques-sont-une-ecole-pratique-pour-les-bons-consommateurs-de-demain-25-07-2019\">Cliquez ici pour lire l&rsquo;article depuis sa source.<\/a><\/p>\n","protected":false},"excerpt":{"rendered":"<p>Djamel Cha\u00efb. Propri\u00e9taire de la ferme p\u00e9dagogique de Z\u00e9ralda \u2013 Vous avez l\u2019unique ferme p\u00e9dagogique d\u2019Alg\u00e9rie. Comment vous est venue l\u2019id\u00e9e\u00a0? Etant un jeune agriculteur, qui cherche toujours \u00e0 \u00e9voluer, j\u2019ai eu \u00e0 visiter beaucoup de fermes p\u00e9dagogiques en Europe. J\u2019ai d\u00e9couvert que finalement ces espaces avaient un r\u00f4le tr\u00e8s important \u00e0 jouer. En plus [&hellip;]<\/p>\n","protected":false},"author":1743,"featured_media":48334,"comment_status":"closed","ping_status":"closed","sticky":false,"template":"","format":"standard","meta":{"fifu_image_url":"","fifu_image_alt":"","footnotes":""},"categories":[73,53],"tags":[],"class_list":["post-48328","post","type-post","status-publish","format-standard","has-post-thumbnail","hentry","category-actualite","category-algerie"],"_links":{"self":[{"href":"https:\/\/linitiative.ca\/International\/wp-json\/wp\/v2\/posts\/48328","targetHints":{"allow":["GET"]}}],"collection":[{"href":"https:\/\/linitiative.ca\/International\/wp-json\/wp\/v2\/posts"}],"about":[{"href":"https:\/\/linitiative.ca\/International\/wp-json\/wp\/v2\/types\/post"}],"author":[{"embeddable":true,"href":"https:\/\/linitiative.ca\/International\/wp-json\/wp\/v2\/users\/1743"}],"replies":[{"embeddable":true,"href":"https:\/\/linitiative.ca\/International\/wp-json\/wp\/v2\/comments?post=48328"}],"version-history":[{"count":0,"href":"https:\/\/linitiative.ca\/International\/wp-json\/wp\/v2\/posts\/48328\/revisions"}],"wp:featuredmedia":[{"embeddable":true,"href":"https:\/\/linitiative.ca\/International\/wp-json\/"}],"wp:attachment":[{"href":"https:\/\/linitiative.ca\/International\/wp-json\/wp\/v2\/media?parent=48328"}],"wp:term":[{"taxonomy":"category","embeddable":true,"href":"https:\/\/linitiative.ca\/International\/wp-json\/wp\/v2\/categories?post=48328"},{"taxonomy":"post_tag","embeddable":true,"href":"https:\/\/linitiative.ca\/International\/wp-json\/wp\/v2\/tags?post=48328"}],"curies":[{"name":"wp","href":"https:\/\/api.w.org\/{rel}","templated":true}]}}