{"id":48329,"date":"2019-07-25T09:00:05","date_gmt":"2019-07-25T13:00:05","guid":{"rendered":"https:\/\/linitiative.ca\/International\/unesco-pres-dun-eleve-sur-trois-victime-de-harcelement-a-lecole-au-maroc\/"},"modified":"2019-07-25T09:00:05","modified_gmt":"2019-07-25T13:00:05","slug":"unesco-pres-dun-eleve-sur-trois-victime-de-harcelement-a-lecole-au-maroc","status":"publish","type":"post","link":"https:\/\/linitiative.ca\/International\/unesco-pres-dun-eleve-sur-trois-victime-de-harcelement-a-lecole-au-maroc\/","title":{"rendered":"Unesco: Pr\u00e8s d\u2019un \u00e9l\u00e8ve sur trois victime de harc\u00e8lement \u00e0 l\u2019\u00e9cole au Maroc"},"content":{"rendered":"<p><img decoding=\"async\" class=\"post_layout_5_img\" src=\"http:\/\/aujourdhui.ma\/wp-content\/uploads\/2019\/07\/Violence-eleves-Maroc.jpg?x29840\" alt=\"Unesco: Pr\u00e8s d\u2019un \u00e9l\u00e8ve sur trois victime de harc\u00e8lement \u00e0 l\u2019\u00e9cole au Maroc\"\/><\/p>\n<p class=\"p1\"><span class=\"c4\"><strong><em>L\u2019Unesco tire la sonnette d\u2019alarme sur la violence en milieu scolaire<\/em><\/strong><\/span> <span id=\"more-315801\"\/><\/p>\n<div class=\"base-box mom_box_sc_custom mom_box_sc clear c5\" readability=\"9\">\n<p class=\"p1\"><span class=\"s1\"><em><strong>Les enfants qui font fr\u00e9quemment l\u2019objet de harc\u00e8lement sont pr\u00e8s de trois fois plus susceptibles de se sentir marginalis\u00e9s \u00e0 l\u2019\u00e9cole et sont au moins deux fois plus susceptibles de manquer l\u2019\u00e9cole que ceux qui ne sont pas souvent victimes de harc\u00e8lement.<\/strong><\/em><\/span><\/p>\n<\/div>\n<p class=\"p1\"><span class=\"s1\">La violence dans les \u00e9coles prend de l\u2019ampleur. Dans son rapport intitul\u00e9 \u00abAu-del\u00e0 des chiffres : en finir avec la violence et le harc\u00e8lement \u00e0 l\u2019\u00e9cole\u00bb l\u2019Unesco qui donne un aper\u00e7u complet et actualis\u00e9 de la pr\u00e9valence et des tendances mondiales en mati\u00e8re de violence scolaire tire la sonnette d\u2019alarme.<span class=\"Apple-converted-space\">\u00a0<\/span> Pr\u00e8s d\u2019un \u00e9l\u00e8ve sur trois dans le monde (32 %) a \u00e9t\u00e9 victime de harc\u00e8lement par ses camarades \u00e0 l\u2019\u00e9cole. L\u2019Unesco estime que le harc\u00e8lement scolaire est encore aggrav\u00e9 sur les r\u00e9seaux sociaux.<\/span><\/p>\n<p class=\"p1\"><span class=\"s1\">Qu\u2019il soit psychologique, physique ou sexuel, le harc\u00e8lement, y compris en ligne, est un probl\u00e8me grave et menace la qualit\u00e9 de l\u2019\u00e9ducation et la confiance en soi. Au Maroc, la pr\u00e9valence de la violence en milieu scolaire est \u00e9lev\u00e9e comme le confirment les donn\u00e9es sur les cas de harc\u00e8lement, les bagarres et les agressions physiques. Selon le rapport, la pr\u00e9valence des cas de harc\u00e8lement dans les \u00e9coles au Maroc est de 32,2%, ce qui signifie que pr\u00e8s d\u2019un \u00e9l\u00e8ve sur trois a \u00e9t\u00e9 victime de harc\u00e8lement. Ce pourcentage est plus important chez les gar\u00e7ons que chez les filles (44% contre 31,6%). Quant \u00e0 la pr\u00e9valence des \u00e9l\u00e8ves qui ont d\u00e9clar\u00e9 avoir \u00e9t\u00e9 victimes de bagarres au cours des 12 derniers mois, celle-ci est de 39,7%. Autrement dit, plus d\u2019un \u00e9l\u00e8ve sur trois s\u2019est bagarr\u00e9 avec un autre \u00e9l\u00e8ve au cours de l\u2019ann\u00e9e \u00e9coul\u00e9e. On constate un \u00e9cart significatif entre les sexes. En effet, les gar\u00e7ons sont nettement plus impliqu\u00e9s dans des bagarres que les filles (53,1% contre 24,6 %). Il faut aussi relever que le taux augmente avec l\u2019\u00e2ge.<\/span><\/p>\n<p class=\"p1\"><span class=\"s1\">Le pourcentage d\u2019\u00e9l\u00e8ves \u00e2g\u00e9s de 13 ans d\u00e9clarant s\u2019\u00eatre bagarr\u00e9s est de 39,2%. Ce taux est de 39,9% pour les \u00e9l\u00e8ves \u00e2g\u00e9s de 14 ans et de 40,1% pour ceux \u00e2g\u00e9s de 15 ans. Pour ce qui est des agressions physiques, le rapport r\u00e9v\u00e8le un taux global de 24,1% dans les \u00e9coles marocaines. Ce taux est plus \u00e9lev\u00e9 chez les gar\u00e7ons que les filles (28,7% contre 18,6%). Il faut relever que<span class=\"Apple-converted-space\">\u00a0<\/span> 22,2% des \u00e9l\u00e8ves \u00e2g\u00e9s de 13 ans ont \u00e9t\u00e9 victimes d\u2019agression physique contre 25,4% pour ceux \u00e2g\u00e9s de 14 ans et 24,7% pour les \u00e9l\u00e8ves \u00e2g\u00e9s de 15 ans. En d\u00e9voilant ces donn\u00e9es, l\u2019Unesco fait remarquer que les enfants qui font fr\u00e9quemment l\u2019objet de harc\u00e8lement sont pr\u00e8s de trois fois plus susceptibles de se sentir marginalis\u00e9s \u00e0 l\u2019\u00e9cole et sont au moins deux fois plus susceptibles de manquer l\u2019\u00e9cole que ceux qui ne sont pas souvent victimes de harc\u00e8lement.<\/span><\/p>\n<p class=\"p1\"><span class=\"s1\">Ils sont \u00e9galement plus susceptibles de trouver normal de quitter l\u2019\u00e9ducation formelle apr\u00e8s avoir achev\u00e9 leurs \u00e9tudes secondaires. En outre, les enfants victimes de harc\u00e8lement r\u00e9ussissent moins bien aux tests de math\u00e9matiques et de lecture, et plus la fr\u00e9quence du harc\u00e8lement augmente, plus leurs r\u00e9sultats scolaires baissent. Rappelons que le Centre des droits des gens avait recens\u00e9<span class=\"Apple-converted-space\">\u00a0<\/span> 1.131 cas au niveau national en 2015.<span class=\"Apple-converted-space\">\u00a0<\/span> A noter qu\u2019il s\u2019agit des enfants victimes de violence qui ont b\u00e9n\u00e9fici\u00e9 des services du Centre. Par type de violence, les violences \u00e9conomiques viennent en t\u00eate avec 846 cas (74,80%). Elles sont suivies des violences corporelles avec 236 cas (20,86%) et de la violence psychologique avec 37 cas (3,27%).<\/span><\/p>\n<p class=\"p1\"><span class=\"s1\">S\u2019agissant des violences sexuelles qui constituent la pire forme de violence inflig\u00e9e aux enfants, le CDG a recens\u00e9 12 cas (1,7%). A noter que la plupart des victimes ont moins de 15 ans. Ces diff\u00e9rents cas ont \u00e9t\u00e9 recens\u00e9s \u00e0 travers les plaintes d\u00e9pos\u00e9es aupr\u00e8s du Centre par les parents et les associations de parents d\u2019\u00e9l\u00e8ves.<\/span><\/p>\n<p>Auteur: Laila Zerrour<br \/>\n<a href=\"http:\/\/aujourdhui.ma\/societe\/unesco-pres-dun-eleve-sur-trois-victime-de-harcelement-a-lecole-au-maroc\">Cliquez ici pour lire l&rsquo;article depuis sa source.<\/a><\/p>\n","protected":false},"excerpt":{"rendered":"<p>L\u2019Unesco tire la sonnette d\u2019alarme sur la violence en milieu scolaire Les enfants qui font fr\u00e9quemment l\u2019objet de harc\u00e8lement sont pr\u00e8s de trois fois plus susceptibles de se sentir marginalis\u00e9s \u00e0 l\u2019\u00e9cole et sont au moins deux fois plus susceptibles de manquer l\u2019\u00e9cole que ceux qui ne sont pas souvent victimes de harc\u00e8lement. La violence [&hellip;]<\/p>\n","protected":false},"author":1759,"featured_media":0,"comment_status":"closed","ping_status":"closed","sticky":false,"template":"","format":"standard","meta":{"fifu_image_url":"","fifu_image_alt":"","footnotes":""},"categories":[73,54],"tags":[],"class_list":["post-48329","post","type-post","status-publish","format-standard","hentry","category-actualite","category-maroc"],"_links":{"self":[{"href":"https:\/\/linitiative.ca\/International\/wp-json\/wp\/v2\/posts\/48329","targetHints":{"allow":["GET"]}}],"collection":[{"href":"https:\/\/linitiative.ca\/International\/wp-json\/wp\/v2\/posts"}],"about":[{"href":"https:\/\/linitiative.ca\/International\/wp-json\/wp\/v2\/types\/post"}],"author":[{"embeddable":true,"href":"https:\/\/linitiative.ca\/International\/wp-json\/wp\/v2\/users\/1759"}],"replies":[{"embeddable":true,"href":"https:\/\/linitiative.ca\/International\/wp-json\/wp\/v2\/comments?post=48329"}],"version-history":[{"count":0,"href":"https:\/\/linitiative.ca\/International\/wp-json\/wp\/v2\/posts\/48329\/revisions"}],"wp:attachment":[{"href":"https:\/\/linitiative.ca\/International\/wp-json\/wp\/v2\/media?parent=48329"}],"wp:term":[{"taxonomy":"category","embeddable":true,"href":"https:\/\/linitiative.ca\/International\/wp-json\/wp\/v2\/categories?post=48329"},{"taxonomy":"post_tag","embeddable":true,"href":"https:\/\/linitiative.ca\/International\/wp-json\/wp\/v2\/tags?post=48329"}],"curies":[{"name":"wp","href":"https:\/\/api.w.org\/{rel}","templated":true}]}}