{"id":48330,"date":"2019-07-25T09:46:32","date_gmt":"2019-07-25T13:46:32","guid":{"rendered":"https:\/\/linitiative.ca\/International\/ligue-1-2-mca-bendebka-un-honneur-de-porter-ce-brassard\/"},"modified":"2019-07-25T09:46:32","modified_gmt":"2019-07-25T13:46:32","slug":"ligue-1-2-mca-bendebka-un-honneur-de-porter-ce-brassard","status":"publish","type":"post","link":"https:\/\/linitiative.ca\/International\/ligue-1-2-mca-bendebka-un-honneur-de-porter-ce-brassard\/","title":{"rendered":"Ligue 1 &#038; 2 : MCA &#8211; Bendebka: \u00abUn honneur de porter ce brassard\u00bb"},"content":{"rendered":"<div readability=\"32\">\n<p>Auteur : <span>Kamel Manane<\/span> <span class=\"time\">jeudi 25 juillet 2019 12:34<\/span><\/p>\n<\/div>\n<div id=\"post_core\" readability=\"52\">\n<p><strong>Un premier mot sur le fait d\u2019\u00eatre le nouveau capitaine ?<\/strong><br \/>Je remercie l\u2019ensemble des dirigeants, du staff technique et mes partenaires ainsi que les supporters de m\u2019avoir accord\u00e9 cette confiance afin de porter le brassard de capitaine du Mouloudia. C\u2019est un honneur et une \u00e9norme responsabilit\u00e9 \u00e0 la fois. Je ferai tout ce qui est en mon pouvoir pour \u00eatre \u00e0 la hauteur de cette responsabilit\u00e9.<\/p>\n<p><strong>Satisfait de cette large victoire ? \u00a0<\/strong><br \/>Il est vrai que ce fut un large succ\u00e8s mais je tiens \u00e0 dire que nous avons eu affaire \u00e0 un adversaire de qualit\u00e9. \u00c7a a \u00e9t\u00e9 un bon test pour nous car nous avons retrouv\u00e9 notre efficacit\u00e9 devant et c\u2019est une bonne chose en cette p\u00e9riode de stage. J\u2019esp\u00e8re que nous allons rester sur cette progression dans les prochains jours.<\/p>\n<p><strong>Comment \u00e7a se passe avec Casoni ?<\/strong><br \/>Les choses se passent parfaitement bien. On travaille avec le plus grand respect qui soit. Le contact passe tr\u00e8s bien et on apprend beaucoup \u00e0 ses c\u00f4t\u00e9s. J\u2019esp\u00e8re qu\u2019on r\u00e9alisera une grande saison avec le coach.<\/p>\n<p><strong>Pensez-vous \u00eatre pr\u00e9sent pour la reprise de la comp\u00e9tition ?<\/strong><br \/>Je n\u2019ai aucun doute l\u00e0-dessus. Vu la pr\u00e9paration que nous sommes en train de faire, je sais qu\u2019on sera d\u2019attaque pour la reprise du championnat et pour la Coupe arabe aussi qui nous tient \u00e0 c\u0153ur.<\/p>\n<p><strong>Publi\u00e9 dans :<\/strong> <span>mca<\/span> <span>Bendebka<\/span> <span>Casoni<\/span><\/p>\n<\/div>\n<p>Auteur:<br \/>\n<a href=\"http:\/\/www.lebuteur.com\/article\/detail?titre=mca-bendebka-un-honneur-de-porter-ce-brassard&#038;id=90665&#038;utm_source=feedburner&#038;utm_medium=feed&#038;utm_campaign=Feed%3A+GalerieFArtciles+%28Les+derniers+articles++-+lebuteur.com%29\">Cliquez ici pour lire l&rsquo;article depuis sa source.<\/a><\/p>\n","protected":false},"excerpt":{"rendered":"<p>Auteur : Kamel Manane jeudi 25 juillet 2019 12:34 Un premier mot sur le fait d\u2019\u00eatre le nouveau capitaine ?Je remercie l\u2019ensemble des dirigeants, du staff technique et mes partenaires ainsi que les supporters de m\u2019avoir accord\u00e9 cette confiance afin de porter le brassard de capitaine du Mouloudia. C\u2019est un honneur et une \u00e9norme responsabilit\u00e9 [&hellip;]<\/p>\n","protected":false},"author":1738,"featured_media":48336,"comment_status":"closed","ping_status":"closed","sticky":false,"template":"","format":"standard","meta":{"fifu_image_url":"","fifu_image_alt":"","footnotes":""},"categories":[53,75],"tags":[],"class_list":["post-48330","post","type-post","status-publish","format-standard","has-post-thumbnail","hentry","category-algerie","category-sport"],"_links":{"self":[{"href":"https:\/\/linitiative.ca\/International\/wp-json\/wp\/v2\/posts\/48330","targetHints":{"allow":["GET"]}}],"collection":[{"href":"https:\/\/linitiative.ca\/International\/wp-json\/wp\/v2\/posts"}],"about":[{"href":"https:\/\/linitiative.ca\/International\/wp-json\/wp\/v2\/types\/post"}],"author":[{"embeddable":true,"href":"https:\/\/linitiative.ca\/International\/wp-json\/wp\/v2\/users\/1738"}],"replies":[{"embeddable":true,"href":"https:\/\/linitiative.ca\/International\/wp-json\/wp\/v2\/comments?post=48330"}],"version-history":[{"count":0,"href":"https:\/\/linitiative.ca\/International\/wp-json\/wp\/v2\/posts\/48330\/revisions"}],"wp:featuredmedia":[{"embeddable":true,"href":"https:\/\/linitiative.ca\/International\/wp-json\/"}],"wp:attachment":[{"href":"https:\/\/linitiative.ca\/International\/wp-json\/wp\/v2\/media?parent=48330"}],"wp:term":[{"taxonomy":"category","embeddable":true,"href":"https:\/\/linitiative.ca\/International\/wp-json\/wp\/v2\/categories?post=48330"},{"taxonomy":"post_tag","embeddable":true,"href":"https:\/\/linitiative.ca\/International\/wp-json\/wp\/v2\/tags?post=48330"}],"curies":[{"name":"wp","href":"https:\/\/api.w.org\/{rel}","templated":true}]}}