{"id":48332,"date":"2019-07-25T06:30:00","date_gmt":"2019-07-25T10:30:00","guid":{"rendered":"https:\/\/linitiative.ca\/International\/boris-johnson-au-10-downing-street\/"},"modified":"2019-07-25T06:30:00","modified_gmt":"2019-07-25T10:30:00","slug":"boris-johnson-au-10-downing-street","status":"publish","type":"post","link":"https:\/\/linitiative.ca\/International\/boris-johnson-au-10-downing-street\/","title":{"rendered":"Boris Johnson au 10 Downing Street"},"content":{"rendered":"<div readability=\"35\">\n<p>Premier d\u00e9fi: mettre en \u0153uvre la sortie de l\u2019UE<\/p>\n<p>Bruxelles lui tend la main, mais \u00e0 certaines conditions<\/p>\n<\/div>\n<div readability=\"78\">\n<div class=\"dnd-atom-wrapper type-image context-sdl_editor_representation\" contenteditable=\"false\">\n<div class=\"dnd-drop-wrapper image\"><img loading=\"lazy\" decoding=\"async\" typeof=\"foaf:Image\" class=\"img-responsive\" src=\"https:\/\/www.leconomiste.com\/sites\/default\/files\/eco7\/public\/thumbnails\/image\/boris_johnson_063.jpg\" width=\"800\" height=\"500\" alt=\"boris_johnson_063.jpg\" title=\"boris_johnson_063.jpg\"\/><\/div>\n<\/div>\n<p class=\"rtejustify\">Ils \u00e9taient nombreux \u00e0 f\u00e9liciter le Britannique Boris Johnson, d\u00e9sign\u00e9 par les militants du Parti conservateur pour succ\u00e9der \u00e0 la Premi\u00e8re ministre Theresa May. Les pr\u00e9sidents Donald Trump et Emmanuel Macron mais aussi la Commission europ\u00e9enne qui se pr\u00e9pare \u00e0 travailler de la meilleure fa\u00e7on possible avec lui.<\/p>\n<p class=\"rtejustify\">\u00abNous sommes pr\u00eats \u00e0 retravailler la d\u00e9claration sur le nouveau partenariat, en ligne avec les orientations d\u00e9finies par les Etats membres\u00bb, a indiqu\u00e9 le n\u00e9gociateur en chef de l\u2019UE, Michel Barnier. Le but est de faciliter la ratification de l\u2019accord de retrait et permettre un Brexit ordonn\u00e9.<\/p>\n<p class=\"rtejustify\">L\u2019UE a toujours refus\u00e9 de ren\u00e9gocier l\u2019accord de retrait, qui contient les conditions du divorce entre le bloc et le Royaume-Uni. Et en particulier le controvers\u00e9 \u00abfilet de s\u00e9curit\u00e9\u00bb permettant de garantir qu\u2019il n\u2019y ait pas de fronti\u00e8re entre l\u2019Irlande et la province britannique d\u2019Irlande du nord apr\u00e8s le Brexit. Les membres de l\u2019UE demeurent ouverts en revanche \u00e0 rediscuter du texte de la d\u00e9claration politique qui accompagne l\u2019accord de retrait et pose les bases de la future relation entre les deux parties une fois le d\u00e9part britannique act\u00e9.<\/p>\n<p class=\"rtejustify\">\u00abNous allons mettre en \u0153uvre le Brexit le 31 octobre\u00bb, a imm\u00e9diatement d\u00e9clar\u00e9 Boris Johnson \u00e0 la tribune d\u2019o\u00f9 les r\u00e9sultats ont \u00e9t\u00e9 annonc\u00e9s. L\u2019ex-maire de Londres et ex-ministre des Affaires \u00e9trang\u00e8res, qui \u00e9tait oppos\u00e9 \u00e0 l\u2019actuel chef de la diplomatie britannique Jeremy Hunt, a remport\u00e9 66% des voix des quelque 159.000 membres du parti qui se sont exprim\u00e9s. Il devient donc chef des Tories et prendra officiellement ses fonctions mercredi 24 juillet\u00a0 apr\u00e8s une visite \u00e0 la reine Elizabeth II.<\/p>\n<p class=\"rtejustify\">Ce r\u00e9sultat marque l\u2019arriv\u00e9e au pouvoir des Brexiters. Certains d\u2019entre eux n\u2019ayant jamais accept\u00e9 que Theresa May, pro-maintien dans l\u2019UE pendant la campagne pour le r\u00e9f\u00e9rendum du 23 juin 2016, soit retenue pour conduire le pays hors du club europ\u00e9en.<\/p>\n<p class=\"rtejustify\">C\u2019est une victoire personnelle pour le d\u00e9put\u00e9 conservateur de 55 ans, \u00e0 qui la presse et certains de ses pairs reproche \u00abde nombreuses gaffes et un certain dilettantisme\u00bb. Selon la presse britannique, il pourrait annoncer une visite \u00e0 Paris, Berlin, Dublin ou Bruxelles, pour mettre sur les rails sa strat\u00e9gie sur le Brexit. Washington est \u00e9galement sur la liste alors que Londres esp\u00e8re signer avec Trump un ambitieux accord de libre-\u00e9change.<\/p>\n<p class=\"rtejustify\">Boris Johnson aura d\u2019ici l\u00e0 un autre d\u00e9fi \u00e0 g\u00e9rer. L\u2019escalade des tensions avec T\u00e9h\u00e9ran apr\u00e8s l\u2019arraisonnement par l\u2019Iran d\u2019un p\u00e9trolier battant pavillon britannique dans le d\u00e9troit d\u2019Ormuz.<\/p>\n<p class=\"rtejustify\"><em>F. Z. T. avec agences<\/em><\/p>\n<p class=\"rtejustify\">\u00a0<\/p>\n<\/div>\n<p>Auteur: hlafriqi<br \/>\n<a href=\"https:\/\/www.leconomiste.com\/article\/1048249-boris-johnson-au-10-downing-street\">Cliquez ici pour lire l&rsquo;article depuis sa source.<\/a><\/p>\n","protected":false},"excerpt":{"rendered":"<p>Premier d\u00e9fi: mettre en \u0153uvre la sortie de l\u2019UE Bruxelles lui tend la main, mais \u00e0 certaines conditions Ils \u00e9taient nombreux \u00e0 f\u00e9liciter le Britannique Boris Johnson, d\u00e9sign\u00e9 par les militants du Parti conservateur pour succ\u00e9der \u00e0 la Premi\u00e8re ministre Theresa May. Les pr\u00e9sidents Donald Trump et Emmanuel Macron mais aussi la Commission europ\u00e9enne qui [&hellip;]<\/p>\n","protected":false},"author":1763,"featured_media":48340,"comment_status":"closed","ping_status":"closed","sticky":false,"template":"","format":"standard","meta":{"fifu_image_url":"","fifu_image_alt":"","footnotes":""},"categories":[78,54],"tags":[],"class_list":["post-48332","post","type-post","status-publish","format-standard","has-post-thumbnail","hentry","category-economie","category-maroc"],"_links":{"self":[{"href":"https:\/\/linitiative.ca\/International\/wp-json\/wp\/v2\/posts\/48332","targetHints":{"allow":["GET"]}}],"collection":[{"href":"https:\/\/linitiative.ca\/International\/wp-json\/wp\/v2\/posts"}],"about":[{"href":"https:\/\/linitiative.ca\/International\/wp-json\/wp\/v2\/types\/post"}],"author":[{"embeddable":true,"href":"https:\/\/linitiative.ca\/International\/wp-json\/wp\/v2\/users\/1763"}],"replies":[{"embeddable":true,"href":"https:\/\/linitiative.ca\/International\/wp-json\/wp\/v2\/comments?post=48332"}],"version-history":[{"count":0,"href":"https:\/\/linitiative.ca\/International\/wp-json\/wp\/v2\/posts\/48332\/revisions"}],"wp:featuredmedia":[{"embeddable":true,"href":"https:\/\/linitiative.ca\/International\/wp-json\/"}],"wp:attachment":[{"href":"https:\/\/linitiative.ca\/International\/wp-json\/wp\/v2\/media?parent=48332"}],"wp:term":[{"taxonomy":"category","embeddable":true,"href":"https:\/\/linitiative.ca\/International\/wp-json\/wp\/v2\/categories?post=48332"},{"taxonomy":"post_tag","embeddable":true,"href":"https:\/\/linitiative.ca\/International\/wp-json\/wp\/v2\/tags?post=48332"}],"curies":[{"name":"wp","href":"https:\/\/api.w.org\/{rel}","templated":true}]}}