{"id":48333,"date":"2019-07-25T06:00:00","date_gmt":"2019-07-25T10:00:00","guid":{"rendered":"https:\/\/linitiative.ca\/International\/bensalah-limoge-le-general-belkecir\/"},"modified":"2019-07-25T06:00:00","modified_gmt":"2019-07-25T10:00:00","slug":"bensalah-limoge-le-general-belkecir","status":"publish","type":"post","link":"https:\/\/linitiative.ca\/International\/bensalah-limoge-le-general-belkecir\/","title":{"rendered":"Bensalah limoge le g\u00e9n\u00e9ral Belkecir"},"content":{"rendered":"<div id=\"originalText\" readability=\"65\">\n<p class=\"c10\">Le g\u00e9n\u00e9ral Ghali Belkecir n\u2019est plus le patron de la Gendarmerie nationale. Le chef d\u2019\u00c9tat par int\u00e9rim, Abdelkader Bensalah, a sign\u00e9 hier un d\u00e9cret pr\u00e9sidentiel portant son limogeage en le rempla\u00e7ant par le g\u00e9n\u00e9ral Abderrahmane Arar.<\/p>\n<p>\u201cLe chef de l&rsquo;\u00c9tat, M. Abdelkader Bensalah, a sign\u00e9 aujourd&rsquo;hui, 24 juillet 2019, un d\u00e9cret pr\u00e9sidentiel portant nomination du g\u00e9n\u00e9ral Abderrahmane Arar commandant de la Gendarmerie nationale en remplacement du g\u00e9n\u00e9ral Ghali Belkecir, \u00e0 qui il a \u00e9t\u00e9 mis fin \u00e0 ses fonctions\u201d, a\u00a0 \u00a0indiqu\u00e9 un communiqu\u00e9 de la pr\u00e9sidence de la R\u00e9publique, sans fournir la moindre explication.\u00a0<\/p>\n<p>Le r\u00e8gne du g\u00e9n\u00e9ral Belkecir a \u00e9t\u00e9 de courte dur\u00e9e. Il n\u2019a tenu qu\u2019une petite ann\u00e9e \u00e0 la t\u00eate de la gendarmerie, lui qui a \u00e9t\u00e9 nomm\u00e9 comme premier gendarme du pays le 4 juillet 2018, \u00e0 la place du g\u00e9n\u00e9ral-major Menad Nouba.\u00a0Avant d\u2019occuper ce poste important, il avait occup\u00e9 plusieurs autres postes importants au sein de la Gendarmerie nationale, dont celui de chef d\u2019\u00e9tat-major de la gendarmerie \u00e0 partir d\u2019octobre 2017.\u00a0<\/p>\n<p>D\u00e8s sa prise de fonction, le g\u00e9n\u00e9ral Belkecir avait remerci\u00e9 plusieurs responsables de ce corps militaire dont une dizaine de commandants r\u00e9gionaux. Quant au nouveau boss de la Gendarmerie nationale, le g\u00e9n\u00e9ral Abderrahmane Arar, il \u00e9tait \u00e0 la t\u00eate de l\u2019\u00e9tat-major de ce corps de s\u00e9curit\u00e9 depuis le 16 juillet 2018.\u00a0\u00a0<br \/>\u00a0<\/p>\n<p class=\"c11\"><strong>A. C.<\/strong><\/p>\n<\/div>\n<div id=\"text_core\" readability=\"65\">\n<p class=\"c10\">Le g\u00e9n\u00e9ral Ghali Belkecir n\u2019est plus le patron de la Gendarmerie nationale. Le chef d\u2019\u00c9tat par int\u00e9rim, Abdelkader Bensalah, a sign\u00e9 hier un d\u00e9cret pr\u00e9sidentiel portant son limogeage en le rempla\u00e7ant par le g\u00e9n\u00e9ral Abderrahmane Arar.<\/p>\n<p>\u201cLe chef de l&rsquo;\u00c9tat, M. Abdelkader Bensalah, a sign\u00e9 aujourd&rsquo;hui, 24 juillet 2019, un d\u00e9cret pr\u00e9sidentiel portant nomination du g\u00e9n\u00e9ral Abderrahmane Arar commandant de la Gendarmerie nationale en remplacement du g\u00e9n\u00e9ral Ghali Belkecir, \u00e0 qui il a \u00e9t\u00e9 mis fin \u00e0 ses fonctions\u201d, a\u00a0 \u00a0indiqu\u00e9 un communiqu\u00e9 de la pr\u00e9sidence de la R\u00e9publique, sans fournir la moindre explication.\u00a0<\/p>\n<p>Le r\u00e8gne du g\u00e9n\u00e9ral Belkecir a \u00e9t\u00e9 de courte dur\u00e9e. Il n\u2019a tenu qu\u2019une petite ann\u00e9e \u00e0 la t\u00eate de la gendarmerie, lui qui a \u00e9t\u00e9 nomm\u00e9 comme premier gendarme du pays le 4 juillet 2018, \u00e0 la place du g\u00e9n\u00e9ral-major Menad Nouba.\u00a0Avant d\u2019occuper ce poste important, il avait occup\u00e9 plusieurs autres postes importants au sein de la Gendarmerie nationale, dont celui de chef d\u2019\u00e9tat-major de la gendarmerie \u00e0 partir d\u2019octobre 2017.\u00a0<\/p>\n<p>D\u00e8s sa prise de fonction, le g\u00e9n\u00e9ral Belkecir avait remerci\u00e9 plusieurs responsables de ce corps militaire dont une dizaine de commandants r\u00e9gionaux. Quant au nouveau boss de la Gendarmerie nationale, le g\u00e9n\u00e9ral Abderrahmane Arar, il \u00e9tait \u00e0 la t\u00eate de l\u2019\u00e9tat-major de ce corps de s\u00e9curit\u00e9 depuis le 16 juillet 2018.\u00a0\u00a0<br \/>\u00a0<\/p>\n<p class=\"c11\"><strong>A. C.<\/strong><\/p>\n<\/div>\n<p>Auteur:<br \/>\n<a href=\"https:\/\/www.liberte-algerie.com\/actualite\/bensalah-limoge-le-general-belkecir-320632\">Cliquez ici pour lire l&rsquo;article depuis sa source.<\/a><\/p>\n","protected":false},"excerpt":{"rendered":"<p>Le g\u00e9n\u00e9ral Ghali Belkecir n\u2019est plus le patron de la Gendarmerie nationale. Le chef d\u2019\u00c9tat par int\u00e9rim, Abdelkader Bensalah, a sign\u00e9 hier un d\u00e9cret pr\u00e9sidentiel portant son limogeage en le rempla\u00e7ant par le g\u00e9n\u00e9ral Abderrahmane Arar. \u201cLe chef de l&rsquo;\u00c9tat, M. Abdelkader Bensalah, a sign\u00e9 aujourd&rsquo;hui, 24 juillet 2019, un d\u00e9cret pr\u00e9sidentiel portant nomination du [&hellip;]<\/p>\n","protected":false},"author":1742,"featured_media":0,"comment_status":"closed","ping_status":"closed","sticky":false,"template":"","format":"standard","meta":{"fifu_image_url":"","fifu_image_alt":"","footnotes":""},"categories":[73,53],"tags":[],"class_list":["post-48333","post","type-post","status-publish","format-standard","hentry","category-actualite","category-algerie"],"_links":{"self":[{"href":"https:\/\/linitiative.ca\/International\/wp-json\/wp\/v2\/posts\/48333","targetHints":{"allow":["GET"]}}],"collection":[{"href":"https:\/\/linitiative.ca\/International\/wp-json\/wp\/v2\/posts"}],"about":[{"href":"https:\/\/linitiative.ca\/International\/wp-json\/wp\/v2\/types\/post"}],"author":[{"embeddable":true,"href":"https:\/\/linitiative.ca\/International\/wp-json\/wp\/v2\/users\/1742"}],"replies":[{"embeddable":true,"href":"https:\/\/linitiative.ca\/International\/wp-json\/wp\/v2\/comments?post=48333"}],"version-history":[{"count":0,"href":"https:\/\/linitiative.ca\/International\/wp-json\/wp\/v2\/posts\/48333\/revisions"}],"wp:attachment":[{"href":"https:\/\/linitiative.ca\/International\/wp-json\/wp\/v2\/media?parent=48333"}],"wp:term":[{"taxonomy":"category","embeddable":true,"href":"https:\/\/linitiative.ca\/International\/wp-json\/wp\/v2\/categories?post=48333"},{"taxonomy":"post_tag","embeddable":true,"href":"https:\/\/linitiative.ca\/International\/wp-json\/wp\/v2\/tags?post=48333"}],"curies":[{"name":"wp","href":"https:\/\/api.w.org\/{rel}","templated":true}]}}