{"id":48338,"date":"2019-07-25T09:05:40","date_gmt":"2019-07-25T13:05:40","guid":{"rendered":"https:\/\/linitiative.ca\/International\/casablanca-il-le-tue-pour-avoir-traite-sa-copine-de-prostituee\/"},"modified":"2019-07-25T09:05:40","modified_gmt":"2019-07-25T13:05:40","slug":"casablanca-il-le-tue-pour-avoir-traite-sa-copine-de-prostituee","status":"publish","type":"post","link":"https:\/\/linitiative.ca\/International\/casablanca-il-le-tue-pour-avoir-traite-sa-copine-de-prostituee\/","title":{"rendered":"Casablanca : Il le tue pour avoir trait\u00e9 sa copine de prostitu\u00e9e"},"content":{"rendered":"<header>\n<\/header>\n<div class=\"entry-content clearfix\" readability=\"59\"><img decoding=\"async\" class=\"post_layout_5_img\" src=\"http:\/\/aujourdhui.ma\/wp-content\/uploads\/2019\/07\/Couteau-Crime-Maroc.jpg?x29840\" alt=\"Casablanca : Il le tue pour avoir trait\u00e9 sa copine de prostitu\u00e9e\"\/><\/p>\n<p class=\"p1\"><span class=\"s1 c4\"><strong>Un seul coup au niveau de la poitrine suffit pour que Khaled perde son \u00e9quilibre et tombe par terre. Il ne s\u2019en rel\u00e8vera pas. Quelques minutes apr\u00e8s il pousse le dernier soupir.<\/strong><\/span><span id=\"more-315832\"\/><\/p>\n<p class=\"p1\"><span class=\"s1\">Nous sommes \u00e0 la chambre criminelle pr\u00e8s la Cour d\u2019appel de Casablanca. Sa\u00efd, \u00e2g\u00e9 de vingt-six ans, se tient au box des accus\u00e9s. Poursuivi pour coups et blessures ayant entra\u00een\u00e9 la mort sans l\u2019intention de la donner, il semble regretter son acte criminel.<\/span><\/p>\n<p class=\"p1\"><span class=\"s1\">Les larmes aux yeux, il avoue, sans la moindre h\u00e9sitation, son crime tout en pr\u00e9cisant n\u2019avoir pas l\u2019intention de tuer son ami. <em>\u00abJe ne l\u2019oublierai jamais parce qu\u2019il \u00e9tait mon ami intime\u00bb,<\/em> balbutie-t-il.<\/span><\/p>\n<p class=\"p1\"><span class=\"s1\">Ils \u00e9taient dans une soir\u00e9e bien arros\u00e9e quand un simple malentendu est venu de brumer leur discussion. <em>\u00abJe lui ai demand\u00e9 de m\u2019expliquer pourquoi il avait coup\u00e9 le chemin \u00e0 ma copine\u00bb<\/em>, affirme-t-il \u00e0 la Cour. Mais son ami, Khaled, \u00e2g\u00e9 de vingt-et-un ans, lui r\u00e9pond qu\u2019il ne doit pas se f\u00e2cher pour une prostitu\u00e9e. Il lui demande de retirer ce mot. Mais son ami s\u2019obstine et lui assure que c\u2019est une tra\u00een\u00e9e qui se donne \u00e0 tout le monde. Ce qui finit par faire sortir Sa\u00efd de ses gonds. Il lui donne un coup de poing. Celui-ci sort un couteau de nulle part tentant de le blesser mais Sa\u00efd arrive \u00e0 esquiver les coups. Il saisit \u00e9galement un couteau et avance vers son rival. Un seul coup au niveau de la poitrine suffit pour que Khaled perde son \u00e9quilibre et tombe par terre. Il ne s\u2019en rel\u00e8vera pas. Quelques minutes apr\u00e8s il pousse le dernier soupir.<\/span><\/p>\n<p class=\"p1\"><strong><span class=\"s1\">Verdict : 15 ans de r\u00e9clusion criminelle.<\/span><\/strong><\/p>\n<\/div>\n<p>Auteur: Abderrafii ALOUMLIKI<br \/>\n<a href=\"http:\/\/aujourdhui.ma\/faits-divers\/casablanca-il-le-tue-pour-avoir-traite-sa-copine-de-prostituee\">Cliquez ici pour lire l&rsquo;article depuis sa source.<\/a><\/p>\n","protected":false},"excerpt":{"rendered":"<p>Un seul coup au niveau de la poitrine suffit pour que Khaled perde son \u00e9quilibre et tombe par terre. Il ne s\u2019en rel\u00e8vera pas. Quelques minutes apr\u00e8s il pousse le dernier soupir. Nous sommes \u00e0 la chambre criminelle pr\u00e8s la Cour d\u2019appel de Casablanca. Sa\u00efd, \u00e2g\u00e9 de vingt-six ans, se tient au box des accus\u00e9s. [&hellip;]<\/p>\n","protected":false},"author":1759,"featured_media":0,"comment_status":"closed","ping_status":"closed","sticky":false,"template":"","format":"standard","meta":{"fifu_image_url":"","fifu_image_alt":"","footnotes":""},"categories":[73,54],"tags":[],"class_list":["post-48338","post","type-post","status-publish","format-standard","hentry","category-actualite","category-maroc"],"_links":{"self":[{"href":"https:\/\/linitiative.ca\/International\/wp-json\/wp\/v2\/posts\/48338","targetHints":{"allow":["GET"]}}],"collection":[{"href":"https:\/\/linitiative.ca\/International\/wp-json\/wp\/v2\/posts"}],"about":[{"href":"https:\/\/linitiative.ca\/International\/wp-json\/wp\/v2\/types\/post"}],"author":[{"embeddable":true,"href":"https:\/\/linitiative.ca\/International\/wp-json\/wp\/v2\/users\/1759"}],"replies":[{"embeddable":true,"href":"https:\/\/linitiative.ca\/International\/wp-json\/wp\/v2\/comments?post=48338"}],"version-history":[{"count":0,"href":"https:\/\/linitiative.ca\/International\/wp-json\/wp\/v2\/posts\/48338\/revisions"}],"wp:attachment":[{"href":"https:\/\/linitiative.ca\/International\/wp-json\/wp\/v2\/media?parent=48338"}],"wp:term":[{"taxonomy":"category","embeddable":true,"href":"https:\/\/linitiative.ca\/International\/wp-json\/wp\/v2\/categories?post=48338"},{"taxonomy":"post_tag","embeddable":true,"href":"https:\/\/linitiative.ca\/International\/wp-json\/wp\/v2\/tags?post=48338"}],"curies":[{"name":"wp","href":"https:\/\/api.w.org\/{rel}","templated":true}]}}