{"id":48339,"date":"2019-07-25T09:46:34","date_gmt":"2019-07-25T13:46:34","guid":{"rendered":"https:\/\/linitiative.ca\/International\/ligue-1-2-mca-zemmamouche-et-bekale-pour-clore-le-recrutement\/"},"modified":"2019-07-25T09:46:34","modified_gmt":"2019-07-25T13:46:34","slug":"ligue-1-2-mca-zemmamouche-et-bekale-pour-clore-le-recrutement","status":"publish","type":"post","link":"https:\/\/linitiative.ca\/International\/ligue-1-2-mca-zemmamouche-et-bekale-pour-clore-le-recrutement\/","title":{"rendered":"Ligue 1 &#038; 2 : MCA: Zemmamouche et Bekale pour clore le recrutement"},"content":{"rendered":"<div readability=\"32\">\n<p>Auteur : <span>Kamel Manane<\/span> <span class=\"time\">jeudi 25 juillet 2019 12:34<\/span><\/p>\n<\/div>\n<div id=\"post_core\" readability=\"83\">\n<p>Le moins que l\u2019on puisse dire est que le Mouloudia d\u2019Alger est sur le point de clore son recrutement. C\u2019est du moins ce que viennent de faire savoir les responsables du club, \u00e0 sa t\u00eate Sekhri. En effet, le Doyen vise d\u00e9sormais deux nouvelles recrues avant de clore l\u2019op\u00e9ration cet \u00e9t\u00e9. D\u2019apr\u00e8s la m\u00eame source, le Mouloudia devrait s\u2019attacher les services du portier usmiste, Mohamed Lamine Zemmamouche. Le second joueur concern\u00e9 c\u2019est l\u2019attaquant gabonais, Eneme Bekale. Ce sont les deux joueurs que le Mouloudia recrutera cet \u00e9t\u00e9. D\u2019ailleurs, le premier responsable du staff technique Casoni a donn\u00e9 son accord pour recruter ces deux joueurs. Le technicien fran\u00e7ais estime que vu les joueurs actuels, ce sera amplement suffisant pour pouvoir jouer les diff\u00e9rentes comp\u00e9titions que le Mouloudia disputera cette saison \u00e0 commencer par le championnat, la coupe d\u2019Alg\u00e9rie ainsi que la coupe arabe.<\/p>\n<p><strong>Journ\u00e9e d\u00e9cisive pour Zema<\/strong><br \/>Le premier dossier important qui concerne l\u2019op\u00e9ration du recrutement est celui du portier Mohamed Lamine Zemmamouche. Comme tout le monde le sait, le portier des Rouge et Noir vient de d\u00e9poser son dossier aupr\u00e8s de la CRL pour r\u00e9clamer ses mensualit\u00e9s car il n\u2019a pas touch\u00e9 le moindre sou depuis le mois d\u2019octobre dernier. Une situation qui a pouss\u00e9 le portier de l\u2019USMA \u00e0 saisir la CRL. Et c\u2019est dans la journ\u00e9e d\u2019aujourd\u2019hui que la chambre de\u00a0 r\u00e9solution des litiges rendra son verdict dans le dossier. Des proches de l\u2019ancien international alg\u00e9rien nous ont confi\u00e9 que la CRL va donner gain de cause au portier de l\u2019USMA. Il sera ainsi libre de tout engagement vis-\u00e0-vis de l\u2019USMA. Le club devra aussi payer l\u2019ensemble des mensualit\u00e9s du joueur ce qui sera une \u00e9norme perte pour le club. Et face au probl\u00e8me des comptes gel\u00e9s du club, l\u2019USMA se trouve dans une situation difficile. C\u2019est dire que c\u2019est dans la journ\u00e9e d\u2019aujourd\u2019hui que le Mouloudia aura la r\u00e9ponse finale dans le dossier Zemmamouche.<\/p>\n<p><strong>Les Usmistes mettent la pression pour le garder<\/strong><br \/>Pour leur part, la direction des Rouge et Noir mettent la pression afin de persuader leur gardien de but de retirer son dossier de la CRL. C\u2019est ce qu\u2019a fait d\u2019ailleurs Dziri Bilel ainsi que Belmellat durant\u00a0\u00a0 la semaine. Et jusqu\u2019\u00e0 preuve du contraire, Zema a refus\u00e9 de le faire car il dit qu\u2019il a un probl\u00e8me avec la direction de Haddad et non pas avec les membres du staff technique. Le portier estime qu\u2019il a \u00e9t\u00e9 l\u00e9s\u00e9 durant l\u2019ensemble de la saison. C\u2019est d\u2019ailleurs ce qui l\u2019a pouss\u00e9 \u00e0 aller d\u00e9poser son dossier aupr\u00e8s de la CRL.<\/p>\n<p><strong>Sekhri attend l\u2019attestation de Bekale<\/strong><br \/>Quant au second joueur qui devrait signer dans les prochains jours au MCA,\u00a0 Bekale, nous venons d\u2019apprendre que le pr\u00e9sident mouloud\u00e9en, Sekhri, vient de trouver un accord avec l\u2019agent du joueur. Sekhri lui a fait savoir que le Mouloudia engagera l\u2019attaquant gabonais d\u00e8s que la lettre de joueur international parviendra de la F\u00e9d\u00e9ration gabonaise de football. Sekhri veut d\u2019abord avoir l\u2019ensemble des pi\u00e8ces n\u00e9cessaires pour la qualification du joueur avant de lui faire signer le contrat. Une mani\u00e8re de prot\u00e9ger les int\u00e9r\u00eats du Mouloudia.<\/p>\n<p><strong>Le MCA a tout conclu avec M\u00e9tlaoui<\/strong><br \/>Par ailleurs, en attendant l\u2019arriv\u00e9e de l\u2019attestion en question, nous avons appris que le Mouloudia d\u2019Alger a tout conclu\u00a0 avec le club tunisien M\u00e9tlaoui au sujet de l\u2019attaquant gabonais. Le pr\u00e9sident du MCA a fait son offre et versera l\u2019int\u00e9gralit\u00e9 du montant de la lettre de lib\u00e9ration qui s\u2019\u00e9l\u00e8ve \u00e0 50.000 euros. Et ce n\u2019est pas tout puisque le premier responsable du Doyen a aussi trouv\u00e9 un accord sur le montant que percevra Bekale. C\u2019est dire qu\u2019il ne manque que quelques documents administratifs avant que la signature se fasse entre les deux parties.<\/p>\n<p><strong>Casoni s\u2019impatiente<\/strong><br \/>Pour sa part, le premier responsable du staff technique s\u2019impatiente au sujet de l\u2019arriv\u00e9e de l\u2019attaquant gabonais, lui qui en avait fait une priorit\u00e9 cet \u00e9t\u00e9. Le technicien fran\u00e7ais a d\u2019ailleurs fait part de son inqui\u00e9tude sur le retard\u00a0 enregistr\u00e9 pour la signature du contrat avec le jeune attaquant. Sekhri a expliqu\u00e9 la position de la direction, mais cela n\u2019a vraisemblablement pas\u00a0 convaincu Casoni. Le coach souhaite que son joueur signe le plus t\u00f4t possible dans l\u2019espoir de le voir \u00e0 l\u2019\u0153uvre surtout que la reprise du championnat est pr\u00e9vue dans 2 semaines.<\/p>\n<p><strong>Publi\u00e9 dans :<\/strong> <span>mca<\/span> <span>zemmamouche<\/span> <span>Bekale<\/span><\/p>\n<\/div>\n<p>Auteur:<br \/>\n<a href=\"http:\/\/www.lebuteur.com\/article\/detail?titre=mca-zemmamouche-et-bekale-pour-clore-le-recrutement&#038;id=90664&#038;utm_source=feedburner&#038;utm_medium=feed&#038;utm_campaign=Feed%3A+GalerieFArtciles+%28Les+derniers+articles++-+lebuteur.com%29\">Cliquez ici pour lire l&rsquo;article depuis sa source.<\/a><\/p>\n","protected":false},"excerpt":{"rendered":"<p>Auteur : Kamel Manane jeudi 25 juillet 2019 12:34 Le moins que l\u2019on puisse dire est que le Mouloudia d\u2019Alger est sur le point de clore son recrutement. C\u2019est du moins ce que viennent de faire savoir les responsables du club, \u00e0 sa t\u00eate Sekhri. En effet, le Doyen vise d\u00e9sormais deux nouvelles recrues avant [&hellip;]<\/p>\n","protected":false},"author":1738,"featured_media":48344,"comment_status":"closed","ping_status":"closed","sticky":false,"template":"","format":"standard","meta":{"fifu_image_url":"","fifu_image_alt":"","footnotes":""},"categories":[53,75],"tags":[],"class_list":["post-48339","post","type-post","status-publish","format-standard","has-post-thumbnail","hentry","category-algerie","category-sport"],"_links":{"self":[{"href":"https:\/\/linitiative.ca\/International\/wp-json\/wp\/v2\/posts\/48339","targetHints":{"allow":["GET"]}}],"collection":[{"href":"https:\/\/linitiative.ca\/International\/wp-json\/wp\/v2\/posts"}],"about":[{"href":"https:\/\/linitiative.ca\/International\/wp-json\/wp\/v2\/types\/post"}],"author":[{"embeddable":true,"href":"https:\/\/linitiative.ca\/International\/wp-json\/wp\/v2\/users\/1738"}],"replies":[{"embeddable":true,"href":"https:\/\/linitiative.ca\/International\/wp-json\/wp\/v2\/comments?post=48339"}],"version-history":[{"count":0,"href":"https:\/\/linitiative.ca\/International\/wp-json\/wp\/v2\/posts\/48339\/revisions"}],"wp:featuredmedia":[{"embeddable":true,"href":"https:\/\/linitiative.ca\/International\/wp-json\/"}],"wp:attachment":[{"href":"https:\/\/linitiative.ca\/International\/wp-json\/wp\/v2\/media?parent=48339"}],"wp:term":[{"taxonomy":"category","embeddable":true,"href":"https:\/\/linitiative.ca\/International\/wp-json\/wp\/v2\/categories?post=48339"},{"taxonomy":"post_tag","embeddable":true,"href":"https:\/\/linitiative.ca\/International\/wp-json\/wp\/v2\/tags?post=48339"}],"curies":[{"name":"wp","href":"https:\/\/api.w.org\/{rel}","templated":true}]}}