{"id":48341,"date":"2019-07-25T06:00:00","date_gmt":"2019-07-25T10:00:00","guid":{"rendered":"https:\/\/linitiative.ca\/International\/les-medecins-en-greve-cyclique\/"},"modified":"2019-07-25T06:00:00","modified_gmt":"2019-07-25T10:00:00","slug":"les-medecins-en-greve-cyclique","status":"publish","type":"post","link":"https:\/\/linitiative.ca\/International\/les-medecins-en-greve-cyclique\/","title":{"rendered":"Les m\u00e9decins en gr\u00e8ve cyclique"},"content":{"rendered":"<div id=\"originalText\" readability=\"58\">\n<p>Les m\u00e9decins de l\u2019\u00c9tablissement hospitalier (EPH) de la wilaya d\u2019Illizi ont d\u00e9cid\u00e9 d\u2019observer une gr\u00e8ve cyclique, \u00e0 raison de deux jours chaque semaine, \u00e0 savoir le lundi et le mardi, jusqu\u2019\u00e0 satisfaction de leurs revendications.<\/p>\n<p>Selon un avis annon\u00e7ant le d\u00e9brayage, dont Libert\u00e9 d\u00e9tient une copie, cette gr\u00e8ve cyclique intervient apr\u00e8s un pr\u00e9avis d\u00e9pos\u00e9 le 14 juillet dernier aupr\u00e8s du directeur de l\u2019EPH d\u2019Illizi. Dans ce document, les m\u00e9decins pr\u00e9cisaient que cette gr\u00e8ve \u00e9tait in\u00e9vitable vu l\u2019\u00e9tat des lieux peu reluisant de cet EPH, notamment la prise en charge ad\u00e9quate des patients.\u00a0<\/p>\n<p>Aussi, les m\u00e9decins rel\u00e8vent le manque d\u2019\u00e9quipements de base, de r\u00e9actifs, de m\u00e9dicaments et de consommables, mais aussi de m\u00e9decins g\u00e9n\u00e9ralistes et la pers\u00e9cution des m\u00e9decins, dont 90% sont des femmes, qui exercent dans cet EPH. Du reste, les m\u00e9decins rassurent les patients sur le fait que \u201ctoutes les activit\u00e9s des urgences seront assur\u00e9es tant au niveau de l\u2019unit\u00e9 des urgences que dans les diff\u00e9rents services de cet EPH\u201d.<\/p>\n<p class=\"c10\"><strong>F. BELGACEM<\/strong><\/p>\n<\/div>\n<div id=\"text_core\" readability=\"58\">\n<p>Les m\u00e9decins de l\u2019\u00c9tablissement hospitalier (EPH) de la wilaya d\u2019Illizi ont d\u00e9cid\u00e9 d\u2019observer une gr\u00e8ve cyclique, \u00e0 raison de deux jours chaque semaine, \u00e0 savoir le lundi et le mardi, jusqu\u2019\u00e0 satisfaction de leurs revendications.<\/p>\n<p>Selon un avis annon\u00e7ant le d\u00e9brayage, dont Libert\u00e9 d\u00e9tient une copie, cette gr\u00e8ve cyclique intervient apr\u00e8s un pr\u00e9avis d\u00e9pos\u00e9 le 14 juillet dernier aupr\u00e8s du directeur de l\u2019EPH d\u2019Illizi. Dans ce document, les m\u00e9decins pr\u00e9cisaient que cette gr\u00e8ve \u00e9tait in\u00e9vitable vu l\u2019\u00e9tat des lieux peu reluisant de cet EPH, notamment la prise en charge ad\u00e9quate des patients.\u00a0<\/p>\n<p>Aussi, les m\u00e9decins rel\u00e8vent le manque d\u2019\u00e9quipements de base, de r\u00e9actifs, de m\u00e9dicaments et de consommables, mais aussi de m\u00e9decins g\u00e9n\u00e9ralistes et la pers\u00e9cution des m\u00e9decins, dont 90% sont des femmes, qui exercent dans cet EPH. Du reste, les m\u00e9decins rassurent les patients sur le fait que \u201ctoutes les activit\u00e9s des urgences seront assur\u00e9es tant au niveau de l\u2019unit\u00e9 des urgences que dans les diff\u00e9rents services de cet EPH\u201d.<\/p>\n<p class=\"c10\"><strong>F. BELGACEM<\/strong><\/p>\n<\/div>\n<p>Auteur:<br \/>\n<a href=\"https:\/\/www.liberte-algerie.com\/actualite\/les-medecins-en-greve-cyclique-320631\">Cliquez ici pour lire l&rsquo;article depuis sa source.<\/a><\/p>\n","protected":false},"excerpt":{"rendered":"<p>Les m\u00e9decins de l\u2019\u00c9tablissement hospitalier (EPH) de la wilaya d\u2019Illizi ont d\u00e9cid\u00e9 d\u2019observer une gr\u00e8ve cyclique, \u00e0 raison de deux jours chaque semaine, \u00e0 savoir le lundi et le mardi, jusqu\u2019\u00e0 satisfaction de leurs revendications. Selon un avis annon\u00e7ant le d\u00e9brayage, dont Libert\u00e9 d\u00e9tient une copie, cette gr\u00e8ve cyclique intervient apr\u00e8s un pr\u00e9avis d\u00e9pos\u00e9 le [&hellip;]<\/p>\n","protected":false},"author":1742,"featured_media":0,"comment_status":"closed","ping_status":"closed","sticky":false,"template":"","format":"standard","meta":{"fifu_image_url":"","fifu_image_alt":"","footnotes":""},"categories":[73,53],"tags":[],"class_list":["post-48341","post","type-post","status-publish","format-standard","hentry","category-actualite","category-algerie"],"_links":{"self":[{"href":"https:\/\/linitiative.ca\/International\/wp-json\/wp\/v2\/posts\/48341","targetHints":{"allow":["GET"]}}],"collection":[{"href":"https:\/\/linitiative.ca\/International\/wp-json\/wp\/v2\/posts"}],"about":[{"href":"https:\/\/linitiative.ca\/International\/wp-json\/wp\/v2\/types\/post"}],"author":[{"embeddable":true,"href":"https:\/\/linitiative.ca\/International\/wp-json\/wp\/v2\/users\/1742"}],"replies":[{"embeddable":true,"href":"https:\/\/linitiative.ca\/International\/wp-json\/wp\/v2\/comments?post=48341"}],"version-history":[{"count":0,"href":"https:\/\/linitiative.ca\/International\/wp-json\/wp\/v2\/posts\/48341\/revisions"}],"wp:attachment":[{"href":"https:\/\/linitiative.ca\/International\/wp-json\/wp\/v2\/media?parent=48341"}],"wp:term":[{"taxonomy":"category","embeddable":true,"href":"https:\/\/linitiative.ca\/International\/wp-json\/wp\/v2\/categories?post=48341"},{"taxonomy":"post_tag","embeddable":true,"href":"https:\/\/linitiative.ca\/International\/wp-json\/wp\/v2\/tags?post=48341"}],"curies":[{"name":"wp","href":"https:\/\/api.w.org\/{rel}","templated":true}]}}