{"id":48342,"date":"2019-07-25T08:35:00","date_gmt":"2019-07-25T12:35:00","guid":{"rendered":"https:\/\/linitiative.ca\/International\/beji-caid-essebsi-le-pere-de-la-democratie-tunisienne\/"},"modified":"2019-07-25T08:35:00","modified_gmt":"2019-07-25T12:35:00","slug":"beji-caid-essebsi-le-pere-de-la-democratie-tunisienne","status":"publish","type":"post","link":"https:\/\/linitiative.ca\/International\/beji-caid-essebsi-le-pere-de-la-democratie-tunisienne\/","title":{"rendered":"B\u00e9ji Ca\u00efd Essebsi, le p\u00e8re de la d\u00e9mocratie tunisienne"},"content":{"rendered":"<p>Quel que soit le bilan qu\u2019on dressera de sa pr\u00e9sidence, B\u00e9ji Ca\u00efd Eessebsi restera dans l\u2019histoire comme le premier pr\u00e9sident de la R\u00e9publique arabe \u00e0 avoir \u00e9t\u00e9 \u00e9lu d\u00e9mocratiquement. Un grand m\u00e9rite que personne ne pourra lui contester, d\u2019autant plus qu\u2019il y a grandement contribu\u00e9 en assurant en tant que premier ministre et de concert avec le pr\u00e9sident int\u00e9rimaire Fouad Mbazaa la continuit\u00e9 de l\u2019Etat pendant la transition d\u00e9mocratique. Chacun \u00e0 sa fa\u00e7on, le premier en tant que chef de l&rsquo;ex\u00e9cutif et le deuxi\u00e8me, de mani\u00e8re discr\u00e8te, ne se manifestant que dans les grandes occasions pour maintenir intact le prestige de l&rsquo;Etat, Pour avoir fait l\u2019essentiel de sa carri\u00e8re \u00e0 l&rsquo;ombre tut\u00e9laire de Bourguiba et \u00e0 force de s\u2019en r\u00e9clamer et de le citer dans ses discours, B\u00e9ji Ca\u00efd Essebsi a fini par ressembler \u00e0 son mentor. Car tout, chez lui, rappelle Bourguiba : le sens de l\u2019Etat, la force de caract\u00e8re, la culture encyclop\u00e9dique, l\u2019\u00e9loquence, le sens de la repartie\u2026Jusqu\u2019aux intonations de la voix.<\/p>\n<p>Si B\u00e9ji a tenu 8 mois, sans doute les plus longs de l&rsquo;histoire de la Tunisie o\u00f9 rien ne lui\u00a0 aura \u00e9t\u00e9 \u00e9pargn\u00e9, ni les coups bas de ses adversaires politiques, ni les critiques des m\u00e9dias, ni m\u00eame les lazzis irr\u00e9v\u00e9rencieux et en tout cas de mauvais go\u00fbt de de certains \u00abhumoristes\u00bb. En vieux routier de la politique, il a su malgr\u00e9 toutes les vicissitudes, conduire le pays \u00e0 bon port avec le minimum de d\u00e9g\u00e2ts. Etudiant en droit \u00e0 Paris \u00e0 la fin des ann\u00e9es 40, il a d\u00fb se rappeler cette phrase de L\u00e9on Blum, grand homme d\u2019Etat fran\u00e7ais de cette \u00e9poque : \u00ab La d\u00e9mocratie a droit \u00e0 l\u2019ingratitude \u00bb. F\u00e9ru d\u2019histoire, il a d\u00fb aussi avoir l\u2019impression de revivre l\u2019\u00e9pop\u00e9e de la r\u00e9volution fran\u00e7aise avec ses p\u00e9riodes lumineuses et sa \u00abTerreur\u00bb ; avec ses Condorcet et ses Robespierre et se faire finalement une raison.<\/p>\n<p>Apr\u00e8s sa nomination \u00e0 la primature, BCE s\u2019\u00e9tait jur\u00e9 de laisser, \u00e0 son d\u00e9part, le pays dans un meilleur \u00e9tat que lors de son arriv\u00e9e, alors que tout tanguait autour de lui avec le d\u00e9litement de l\u2019Etat, l\u2019impatience des jeunes \u00e0 cueillir les fruits de la r\u00e9volution, leur r\u00e9volution, l\u2019occupation des usines, les lock out, le blocage des routes, la fronde des magistrats et des forces de s\u00e9curit\u00e9 int\u00e9rieure et surtout la r\u00e9volution libyenne avec ses retomb\u00e9es sur l\u2019\u00e9conomie, le tourisme plus particuli\u00e8rement, le retour de nos \u00e9migr\u00e9s et l\u2019afflux des r\u00e9fugi\u00e9s libyens, africains et asiatiques. Il n&rsquo;est pas arriv\u00e9 \u00e0 y mettre un terme, mais ce semi \u00e9chec ne doit pas occulter sa plus grande r\u00e9ussite, l&rsquo;entr\u00e9e de son pays dans le club tr\u00e8s ferm\u00e9 des pays d\u00e9mocratiques en organisant les premi\u00e8res \u00e9lections libres.<br \/>\u00a0<\/p>\n<p>Auteur:<br \/>\n<a href=\"https:\/\/www.leaders.com.tn\/article\/27574-beli-caid-essebsi-le-pere-de-la-democratie-tunisienne\">Cliquez ici pour lire l&rsquo;article depuis sa source.<\/a><\/p>\n","protected":false},"excerpt":{"rendered":"<p>Quel que soit le bilan qu\u2019on dressera de sa pr\u00e9sidence, B\u00e9ji Ca\u00efd Eessebsi restera dans l\u2019histoire comme le premier pr\u00e9sident de la R\u00e9publique arabe \u00e0 avoir \u00e9t\u00e9 \u00e9lu d\u00e9mocratiquement. Un grand m\u00e9rite que personne ne pourra lui contester, d\u2019autant plus qu\u2019il y a grandement contribu\u00e9 en assurant en tant que premier ministre et de concert [&hellip;]<\/p>\n","protected":false},"author":1772,"featured_media":0,"comment_status":"closed","ping_status":"closed","sticky":false,"template":"","format":"standard","meta":{"fifu_image_url":"","fifu_image_alt":"","footnotes":""},"categories":[73,55],"tags":[],"class_list":["post-48342","post","type-post","status-publish","format-standard","hentry","category-actualite","category-tunisie"],"_links":{"self":[{"href":"https:\/\/linitiative.ca\/International\/wp-json\/wp\/v2\/posts\/48342","targetHints":{"allow":["GET"]}}],"collection":[{"href":"https:\/\/linitiative.ca\/International\/wp-json\/wp\/v2\/posts"}],"about":[{"href":"https:\/\/linitiative.ca\/International\/wp-json\/wp\/v2\/types\/post"}],"author":[{"embeddable":true,"href":"https:\/\/linitiative.ca\/International\/wp-json\/wp\/v2\/users\/1772"}],"replies":[{"embeddable":true,"href":"https:\/\/linitiative.ca\/International\/wp-json\/wp\/v2\/comments?post=48342"}],"version-history":[{"count":0,"href":"https:\/\/linitiative.ca\/International\/wp-json\/wp\/v2\/posts\/48342\/revisions"}],"wp:attachment":[{"href":"https:\/\/linitiative.ca\/International\/wp-json\/wp\/v2\/media?parent=48342"}],"wp:term":[{"taxonomy":"category","embeddable":true,"href":"https:\/\/linitiative.ca\/International\/wp-json\/wp\/v2\/categories?post=48342"},{"taxonomy":"post_tag","embeddable":true,"href":"https:\/\/linitiative.ca\/International\/wp-json\/wp\/v2\/tags?post=48342"}],"curies":[{"name":"wp","href":"https:\/\/api.w.org\/{rel}","templated":true}]}}