{"id":48343,"date":"2019-07-24T19:00:00","date_gmt":"2019-07-24T23:00:00","guid":{"rendered":"https:\/\/linitiative.ca\/International\/conduite-du-dialogue-les-personnalites-connues-incessamment\/"},"modified":"2019-07-24T19:00:00","modified_gmt":"2019-07-24T23:00:00","slug":"conduite-du-dialogue-les-personnalites-connues-incessamment","status":"publish","type":"post","link":"https:\/\/linitiative.ca\/International\/conduite-du-dialogue-les-personnalites-connues-incessamment\/","title":{"rendered":"Conduite du dialogue : Les personnalit\u00e9s connues incessamment"},"content":{"rendered":"<div>La pr\u00e9sidence de la R\u00e9publique devrait d\u00e9voiler, au plus tard, samedi prochain, la liste  des personnalit\u00e9s qui dirigeront le dialogue national, ont rapport\u00e9 hier des m\u00e9dias.<img loading=\"lazy\" decoding=\"async\" src=\"http:\/\/feeds.feedburner.com\/~r\/ElmoudjahidArticles\/~4\/wG6Iq1mnyxM\" height=\"1\" width=\"1\" alt=\"\"><\/div>\n<p>Auteur: elmoudjahid<br \/>\n<a href=\"http:\/\/feedproxy.google.com\/~r\/ElmoudjahidArticles\/~3\/wG6Iq1mnyxM\/139754\">Cliquez ici pour lire l&rsquo;article depuis sa source.<\/a><\/p>\n","protected":false},"excerpt":{"rendered":"<p>La pr\u00e9sidence de la R\u00e9publique devrait d\u00e9voiler, au plus tard, samedi prochain, la liste des personnalit\u00e9s qui dirigeront le dialogue national, ont rapport\u00e9 hier des m\u00e9dias. Auteur: elmoudjahid Cliquez ici pour lire l&rsquo;article depuis sa source.<\/p>\n","protected":false},"author":1744,"featured_media":0,"comment_status":"closed","ping_status":"closed","sticky":false,"template":"","format":"standard","meta":{"fifu_image_url":"","fifu_image_alt":"","footnotes":""},"categories":[73,53],"tags":[],"class_list":["post-48343","post","type-post","status-publish","format-standard","hentry","category-actualite","category-algerie"],"_links":{"self":[{"href":"https:\/\/linitiative.ca\/International\/wp-json\/wp\/v2\/posts\/48343","targetHints":{"allow":["GET"]}}],"collection":[{"href":"https:\/\/linitiative.ca\/International\/wp-json\/wp\/v2\/posts"}],"about":[{"href":"https:\/\/linitiative.ca\/International\/wp-json\/wp\/v2\/types\/post"}],"author":[{"embeddable":true,"href":"https:\/\/linitiative.ca\/International\/wp-json\/wp\/v2\/users\/1744"}],"replies":[{"embeddable":true,"href":"https:\/\/linitiative.ca\/International\/wp-json\/wp\/v2\/comments?post=48343"}],"version-history":[{"count":0,"href":"https:\/\/linitiative.ca\/International\/wp-json\/wp\/v2\/posts\/48343\/revisions"}],"wp:attachment":[{"href":"https:\/\/linitiative.ca\/International\/wp-json\/wp\/v2\/media?parent=48343"}],"wp:term":[{"taxonomy":"category","embeddable":true,"href":"https:\/\/linitiative.ca\/International\/wp-json\/wp\/v2\/categories?post=48343"},{"taxonomy":"post_tag","embeddable":true,"href":"https:\/\/linitiative.ca\/International\/wp-json\/wp\/v2\/tags?post=48343"}],"curies":[{"name":"wp","href":"https:\/\/api.w.org\/{rel}","templated":true}]}}