{"id":48345,"date":"2019-07-25T09:30:28","date_gmt":"2019-07-25T13:30:28","guid":{"rendered":"https:\/\/linitiative.ca\/International\/sidi-ifni-le-moussem-aknari-de-retour-pour-une-sixieme-edition\/"},"modified":"2019-07-25T09:30:28","modified_gmt":"2019-07-25T13:30:28","slug":"sidi-ifni-le-moussem-aknari-de-retour-pour-une-sixieme-edition","status":"publish","type":"post","link":"https:\/\/linitiative.ca\/International\/sidi-ifni-le-moussem-aknari-de-retour-pour-une-sixieme-edition\/","title":{"rendered":"Sidi Ifni : Le Moussem Aknari de retour  pour une sixi\u00e8me \u00e9dition"},"content":{"rendered":"<p><img decoding=\"async\" class=\"post_layout_5_img\" src=\"http:\/\/aujourdhui.ma\/wp-content\/uploads\/2019\/07\/Moussem-Aknari-Cactus.jpg?x29840\" alt=\"Sidi Ifni : Le Moussem Aknari de retour pour une sixi\u00e8me \u00e9dition\"\/><\/p>\n<p class=\"p1\"><span class=\"c4\"><strong><span class=\"s1\">Au programme, une foire agricole du terroir, des comp\u00e9titions culturelles<\/span> et sportives, conf\u00e9rences\u2026<\/strong><\/span><span id=\"more-315798\"\/><\/p>\n<p class=\"p1\"><span class=\"s1\">La ville de Sidi Ifni accueillera du 3 au 7 ao\u00fbt la sixi\u00e8me \u00e9dition du \u00abMoussem Aknari\u00bb, sous le signe \u00abLes produits du terroir, un levier pour le d\u00e9veloppement durable\u00bb.<\/span><\/p>\n<p class=\"p1\"><span class=\"s1\">Organis\u00e9e par les conseils provincial et communal en partenariat avec la province de Sidi Ifni et l\u2019Association Ifni Initiatives \u00e0 l\u2019occasion de la F\u00eate du Tr\u00f4ne, cette manifestation est l\u2019occasion de faire conna\u00eetre le figuier de barbarie d\u2019Ait Ba\u00e2mrane, l\u2019une des esp\u00e8ces les plus r\u00e9put\u00e9es pour sa qualit\u00e9 et son go\u00fbt et mettre en exergue l\u2019apport de ce fruit pour l\u2019\u00e9conomie locale. Elle vise aussi \u00e0 promouvoir les potentialit\u00e9s naturelles de la r\u00e9gion d\u2019Ait Ba\u00e2mrane en vue de les exploiter pour le d\u00e9veloppement du tourisme et la dynamisation de l\u2019activit\u00e9 \u00e9conomique dans la ville. Au programme de ce festival, une foire agricole du terroir, des comp\u00e9titions culturelles et sportives, conf\u00e9rences et table rondes, un carnaval traditionnel, une fantasia, une d\u00e9gustation culinaire de plats \u00e0 base de cactus et \u00e9galement l\u2019\u00e9lection de Miss Cactus.<\/span><\/p>\n<p class=\"p1\"><span class=\"s1\">Au volet artistique, les organisateurs ont programm\u00e9 des spectacles de musiques amazighe et hassanie, avec la participation de plusieurs groupes et artistes locaux et d\u2019autres r\u00e9gions. Rappelons que le cactus et son fruit constituent une source importante de revenu pour la population de Sidi Ifni. Cette province fournit plus de la moiti\u00e9 de la production nationale de figue de barbarie. Le cactus, seule plante \u00e0 s\u2019accommoder des conditions climatiques arides du Sud, regorge de plusieurs atouts, allant des fruits frais, \u00e0 valoriser, entre autres, dans un cadre \u00abbio\u00bb, aux technologies d\u2019extraction de mol\u00e9cules utiles pour la di\u00e9t\u00e9tique et la cosm\u00e9tique, en passant par une multitude de produits du terroir \u00e0 haute valeur ajout\u00e9e. Plusieurs actions ont \u00e9t\u00e9 entreprises par les pouvoirs publics, notamment en termes de d\u00e9senclavement routier des zones de production.<\/span><\/p>\n<p class=\"p1\"><span class=\"s1\">Dans le cadre du Plan Maroc Vert (PMV), une enveloppe budg\u00e9taire de plus de 94 millions de dirhams (MDH) a \u00e9t\u00e9 allou\u00e9e \u00e0 la valorisation du cactus dans la province de Sifi Ifni, pour la p\u00e9riode 2010-2017.<span class=\"Apple-converted-space\">\u00a0<\/span> Cette valorisation comporte deux projets : le premier porte sur la collecte et l\u2019emballage des fruits comestibles du cactus et a \u00e9t\u00e9 r\u00e9alis\u00e9 durant la p\u00e9riode 2010-2013. Ce projet a n\u00e9cessit\u00e9 un budget de 79 MDH, dont 51 MDH destin\u00e9s \u00e0 la r\u00e9alisation et la restauration de 105 km de pistes rurales. 25 MDH suppl\u00e9mentaires ont \u00e9t\u00e9 consacr\u00e9s \u00e0 la construction et \u00e0 l\u2019\u00e9quipement d\u2019une unit\u00e9 industrielle d\u2019emballage sur une superficie de 2.460 m<sup>2<\/sup>.<\/span><\/p>\n<p class=\"p1\"><span class=\"s1\">Le second projet est au profit du Groupement d\u2019int\u00e9r\u00eat \u00e9conomique \u00ab Aknari Jibal A\u00eft Ba\u00e2mrane \u00bb avec un investissement de plus de 15 MDH. Ce deuxi\u00e8me projet porte sur la plantation de cactus sur une superficie de 300 hectares.<\/span><\/p>\n<p>Auteur: Mohamed Laabid<br \/>\n<a href=\"http:\/\/aujourdhui.ma\/economie\/sidi-ifni-le-moussem-aknari-de-retour-pour-une-sixieme-edition\">Cliquez ici pour lire l&rsquo;article depuis sa source.<\/a><\/p>\n","protected":false},"excerpt":{"rendered":"<p>Au programme, une foire agricole du terroir, des comp\u00e9titions culturelles et sportives, conf\u00e9rences\u2026 La ville de Sidi Ifni accueillera du 3 au 7 ao\u00fbt la sixi\u00e8me \u00e9dition du \u00abMoussem Aknari\u00bb, sous le signe \u00abLes produits du terroir, un levier pour le d\u00e9veloppement durable\u00bb. Organis\u00e9e par les conseils provincial et communal en partenariat avec la province [&hellip;]<\/p>\n","protected":false},"author":1759,"featured_media":0,"comment_status":"closed","ping_status":"closed","sticky":false,"template":"","format":"standard","meta":{"fifu_image_url":"","fifu_image_alt":"","footnotes":""},"categories":[73,54],"tags":[],"class_list":["post-48345","post","type-post","status-publish","format-standard","hentry","category-actualite","category-maroc"],"_links":{"self":[{"href":"https:\/\/linitiative.ca\/International\/wp-json\/wp\/v2\/posts\/48345","targetHints":{"allow":["GET"]}}],"collection":[{"href":"https:\/\/linitiative.ca\/International\/wp-json\/wp\/v2\/posts"}],"about":[{"href":"https:\/\/linitiative.ca\/International\/wp-json\/wp\/v2\/types\/post"}],"author":[{"embeddable":true,"href":"https:\/\/linitiative.ca\/International\/wp-json\/wp\/v2\/users\/1759"}],"replies":[{"embeddable":true,"href":"https:\/\/linitiative.ca\/International\/wp-json\/wp\/v2\/comments?post=48345"}],"version-history":[{"count":0,"href":"https:\/\/linitiative.ca\/International\/wp-json\/wp\/v2\/posts\/48345\/revisions"}],"wp:attachment":[{"href":"https:\/\/linitiative.ca\/International\/wp-json\/wp\/v2\/media?parent=48345"}],"wp:term":[{"taxonomy":"category","embeddable":true,"href":"https:\/\/linitiative.ca\/International\/wp-json\/wp\/v2\/categories?post=48345"},{"taxonomy":"post_tag","embeddable":true,"href":"https:\/\/linitiative.ca\/International\/wp-json\/wp\/v2\/tags?post=48345"}],"curies":[{"name":"wp","href":"https:\/\/api.w.org\/{rel}","templated":true}]}}