{"id":48346,"date":"2019-07-25T09:46:36","date_gmt":"2019-07-25T13:46:36","guid":{"rendered":"https:\/\/linitiative.ca\/International\/ligue-1-2-usma-les-rouge-et-noir-aujourdhui-en-tunisie\/"},"modified":"2019-07-25T09:46:36","modified_gmt":"2019-07-25T13:46:36","slug":"ligue-1-2-usma-les-rouge-et-noir-aujourdhui-en-tunisie","status":"publish","type":"post","link":"https:\/\/linitiative.ca\/International\/ligue-1-2-usma-les-rouge-et-noir-aujourdhui-en-tunisie\/","title":{"rendered":"Ligue 1 &#038; 2 : USMA: Les Rouge et Noir aujourd\u2019hui en Tunisie"},"content":{"rendered":"<div readability=\"32\">\n<p>Auteur : <span>Adel Cheraki<\/span> <span class=\"time\">jeudi 25 juillet 2019 12:35<\/span><\/p>\n<\/div>\n<div id=\"post_core\" readability=\"47\">\n<p>Apr\u00e8s un premier stage \u00e0 Alger et qui a dur\u00e9 presque une semaine durant lequel les joueurs de Billel Dziri ont encha\u00een\u00e9 les s\u00e9ances d\u2019entra\u00eenement au stade Omar-Hamadi, les Rouge et Noir entameront un second stage de pr\u00e9paration, en Tunisie, et qui d\u00e9bitera ce jeudi jusqu\u2019au 3 ao\u00fbt. Pendant ce s\u00e9jour \u00e0 Gammarth, le premier responsable du staff technique passera \u00e0 la vitesse sup\u00e9rieure et fera certainement suer ses joueurs afin qu\u2019ils soient au top de leur forme pour la reprise de la comp\u00e9tition officielle. Pour rappel, les champions de la saison pass\u00e9e joueront leur premi\u00e8re rencontre cet \u00e9t\u00e9 le 9 ou le 10 du prochain mois. Elle les opposera \u00e0 l\u2019AS Sonidep au Niger. La seconde manche est pr\u00e9vue moins de deux semaines apr\u00e8s, \u00e0 Alger.<br \/><strong>Rendez-vous \u00e0 l\u2019a\u00e9roport \u00e0 15h<\/strong><br \/>Les membres de la d\u00e9l\u00e9gation qui feront ce voyage d\u2019Alger jusqu\u2019\u00e0 Tunis se sont donn\u00e9 rendez-vous \u00e0 l\u2019a\u00e9roport international Houari-Boumediene \u00e0 15h. Une s\u00e9ance d\u2019entra\u00eenement devra avoir lieu dans la matin\u00e9e. Les co\u00e9quipiers de Mohamed Rabie Meftah auront par la suite juste le temps de prendre leur d\u00e9jeuner et r\u00e9cup\u00e9rer leurs bagages avant de d\u00e9buter ce d\u00e9placement. Il est n\u00e9cessaire de souligner qu\u2019ils seront devanc\u00e9s par Mohamed Briki, le secr\u00e9taire du club, qui aura pour mission de r\u00e9cup\u00e9rer les cartes d\u2019embarquement et enregistrer les bagages.<br \/><strong>Le vol de Tunisair est pr\u00e9vu \u00e0 17h<\/strong><br \/>C\u2019est \u00e0 bord d\u2019un avion de la compagnie Tunisair que les membres de la d\u00e9l\u00e9gation feront le voyage de la capitale jusqu\u2019\u00e0 Tunis. Si tout se d\u00e9roule comme pr\u00e9vu, c\u2019est \u00e0 17h que l\u2019appareil quittera le territoire national et c\u2019est apr\u00e8s une heure et quart qu\u2019il se posera une nouvelle fois. Les Rouge et Noir feront par la suite les formalit\u00e9s n\u00e9cessaires avant de r\u00e9cup\u00e9rer leurs bagages puis quitter l\u2019a\u00e9roport de Carthage afin de se rendre \u00e0 leur lieu d\u2019h\u00e9bergement. C\u2019est donc en d\u00e9but de soir\u00e9e qu\u2019ils prendront leurs quartiers dans l\u2019\u00e9tablissement h\u00f4telier qui les accueillera. \u00a0<br \/><strong>Briki en chef de d\u00e9l\u00e9gation<\/strong><br \/>Sans surprise, c\u2019est Mohamed Briki qui sera \u00e0 la t\u00eate de la d\u00e9l\u00e9gation qui se rendra \u00e0 Tunis. Le secr\u00e9taire de l\u2019USMA ne sera pas \u00e0 sa premi\u00e8re puisqu\u2019il a eu l\u2019occasion de le faire par le pass\u00e9. Il dispose donc d\u2019assez d\u2019exp\u00e9rience pour r\u00e9ussir sa mission et mettre Dziri ainsi que ses joueurs dans les meilleures conditions possibles. Ce qui ne devra que soulager le coach qui mise beaucoup sur la r\u00e9ussite de ce stage pour bien d\u00e9buter cette saison 2019-2020.<\/p>\n<p><strong>Publi\u00e9 dans :<\/strong> <span>USMA<\/span> <span>tunisie<\/span> <span>Dziri<\/span> <span>Briki<\/span><\/p>\n<\/div>\n<p>Auteur:<br \/>\n<a href=\"http:\/\/www.lebuteur.com\/article\/detail?titre=usma-les-rouge-et-noir-aujourdhui-en-tunisie&#038;id=90662&#038;utm_source=feedburner&#038;utm_medium=feed&#038;utm_campaign=Feed%3A+GalerieFArtciles+%28Les+derniers+articles++-+lebuteur.com%29\">Cliquez ici pour lire l&rsquo;article depuis sa source.<\/a><\/p>\n","protected":false},"excerpt":{"rendered":"<p>Auteur : Adel Cheraki jeudi 25 juillet 2019 12:35 Apr\u00e8s un premier stage \u00e0 Alger et qui a dur\u00e9 presque une semaine durant lequel les joueurs de Billel Dziri ont encha\u00een\u00e9 les s\u00e9ances d\u2019entra\u00eenement au stade Omar-Hamadi, les Rouge et Noir entameront un second stage de pr\u00e9paration, en Tunisie, et qui d\u00e9bitera ce jeudi jusqu\u2019au [&hellip;]<\/p>\n","protected":false},"author":1738,"featured_media":48352,"comment_status":"closed","ping_status":"closed","sticky":false,"template":"","format":"standard","meta":{"fifu_image_url":"","fifu_image_alt":"","footnotes":""},"categories":[53,75],"tags":[],"class_list":["post-48346","post","type-post","status-publish","format-standard","has-post-thumbnail","hentry","category-algerie","category-sport"],"_links":{"self":[{"href":"https:\/\/linitiative.ca\/International\/wp-json\/wp\/v2\/posts\/48346","targetHints":{"allow":["GET"]}}],"collection":[{"href":"https:\/\/linitiative.ca\/International\/wp-json\/wp\/v2\/posts"}],"about":[{"href":"https:\/\/linitiative.ca\/International\/wp-json\/wp\/v2\/types\/post"}],"author":[{"embeddable":true,"href":"https:\/\/linitiative.ca\/International\/wp-json\/wp\/v2\/users\/1738"}],"replies":[{"embeddable":true,"href":"https:\/\/linitiative.ca\/International\/wp-json\/wp\/v2\/comments?post=48346"}],"version-history":[{"count":0,"href":"https:\/\/linitiative.ca\/International\/wp-json\/wp\/v2\/posts\/48346\/revisions"}],"wp:featuredmedia":[{"embeddable":true,"href":"https:\/\/linitiative.ca\/International\/wp-json\/"}],"wp:attachment":[{"href":"https:\/\/linitiative.ca\/International\/wp-json\/wp\/v2\/media?parent=48346"}],"wp:term":[{"taxonomy":"category","embeddable":true,"href":"https:\/\/linitiative.ca\/International\/wp-json\/wp\/v2\/categories?post=48346"},{"taxonomy":"post_tag","embeddable":true,"href":"https:\/\/linitiative.ca\/International\/wp-json\/wp\/v2\/tags?post=48346"}],"curies":[{"name":"wp","href":"https:\/\/api.w.org\/{rel}","templated":true}]}}