{"id":48347,"date":"2019-07-25T08:30:51","date_gmt":"2019-07-25T12:30:51","guid":{"rendered":"https:\/\/linitiative.ca\/International\/tunisie-beji-caid-essebsi-un-homme-detat-reformiste\/"},"modified":"2019-07-25T08:30:51","modified_gmt":"2019-07-25T12:30:51","slug":"tunisie-beji-caid-essebsi-un-homme-detat-reformiste","status":"publish","type":"post","link":"https:\/\/linitiative.ca\/International\/tunisie-beji-caid-essebsi-un-homme-detat-reformiste\/","title":{"rendered":"Tunisie : B\u00e9ji Ca\u00efd Essebsi, un homme d\u2019Etat r\u00e9formiste"},"content":{"rendered":"<p><strong>Le pr\u00e9sident tunisien B\u00e9ji Ca\u00efd Essebsi, d\u00e9c\u00e9d\u00e9 jeudi \u00e0 l\u2019h\u00f4pital militaire de Tunis, est n\u00e9 le 29 novembre 1926 \u00e0 Sidi Bousa\u00efd, en banlieue nord de Tunis.<\/strong><\/p>\n<div class=\"c10\"\/>\n<p>Avocat de formation, Ca\u00efd Essebsi avait fait ses \u00e9tudes juridiques \u00e0 la facult\u00e9 de droit de Paris jusqu\u2019en 1950 avant de s\u2019inscrire au Barreau de Tunis, deux ann\u00e9es plus tard.<\/p>\n<p>Militant d\u00e8s sa prime jeunesse dans les rangs du N\u00e9o-Destour de Habib Bourguiba, ce dernier l\u2019appela \u00e0 ses c\u00f4t\u00e9s aux lendemains de l\u2019Ind\u00e9pendance pour \u00eatre son conseiller puis comme directeur de l\u2019administration r\u00e9gionale, au minist\u00e8re de l\u2019Int\u00e9rieur.<\/p>\n<p>Il a \u00e9t\u00e9 nomm\u00e9 ensuite directeur g\u00e9n\u00e9ral de la s\u00fbret\u00e9 nationale, en 1963, quelques mois apr\u00e8s le coup d\u2019Etat avort\u00e9 contre Bourguiba avant de devenir, deux ann\u00e9es plus tard (1965), ministre de l\u2019Int\u00e9rieur, puis ministre de la D\u00e9fense, de 1969 \u00e0 1970. Il avait occup\u00e9 les postes d\u2019ambassadeur \u00e0 Paris (12 juin 1970) puis \u00e0 Bonn (1987).<\/p>\n<p>Fin 1971, il a \u00e9t\u00e9 suspendu de toute activit\u00e9 au sein de Parti socialiste destourien puis exclu purement et simplement du parti pour son ralliement \u00e0 la fronde en faveur de r\u00e9formes d\u00e9mocratiques du r\u00e9gime bourguibien. Il a rejoint en 1978 le Mouvement des D\u00e9mocrates socialistes fond\u00e9 et pr\u00e9sid\u00e9 par Ahmed Mestiri. Il a dirig\u00e9 \u00e0 cette \u00e9poque l\u2019organe d\u2019expression fran\u00e7aise de ce parti d\u2019opposition, \u00ab\u00a0D\u00e9mocratie\u00a0\u00bb.<\/p>\n<p>B\u00e9ji Ca\u00efd Essebsi a \u00e9t\u00e9 rappel\u00e9 au gouvernement le 3 d\u00e9cembre 1980 comme ministre d\u00e9l\u00e9gu\u00e9 aupr\u00e8s du Premier ministre d\u2019alors, Mohamed Mzali avant de se voir confier, le 15 avril 1981, le portefeuille des Affaires \u00e9trang\u00e8res. A ce titre, il s\u2019est illustr\u00e9 par son plaidoyer au Conseil de s\u00e9curit\u00e9 de l\u2019ONU en faveur de la condamnation internationale du raid sanglant isra\u00e9lien contre le quartier g\u00e9n\u00e9ral de l\u2019Organisation de lib\u00e9ration de la Palestine \u00e0 Hammam Chott, dans la banlieue sud de Tunis.<\/p>\n<p>Elu d\u00e9put\u00e9 en 1989, il a pr\u00e9sid\u00e9 la Chambre des d\u00e9put\u00e9s pendant l\u2019ann\u00e9e parlementaire 1990-1991 avant de se consacrer de nouveau \u00e0 son cabinet d\u2019avocat. Apr\u00e8s la R\u00e9volution du 14 janvier 2011, il a d\u00e9sign\u00e9 chef du gouvernement de transition jusqu\u2019aux \u00e9lections l\u00e9gislatives du 23 octobre 2011. Il n\u2019a pas tard\u00e9 \u00e0 fonder, en juin 2012, son propre parti, le mouvement de \u00ab\u00a0Nidaa Tounes\u00a0\u00bb, celui-l\u00e0 m\u00eame qui remporta 86 si\u00e8ges \u00e0 l\u2019Assembl\u00e9e des repr\u00e9sentants du peuple aux \u00e9lections l\u00e9gislatives du 26 octobre 2014.<\/p>\n<p>Le 22 d\u00e9cembre 2014, B\u00e9ji Ca\u00efd Essebsi a \u00e9t\u00e9, officiellement, proclam\u00e9 vainqueur du second tour de l\u2019\u00e9lection pr\u00e9sidentielle. Il a \u00e9t\u00e9 cr\u00e9dit\u00e9 de 55,68 pc des suffrages exprim\u00e9s.<\/p>\n<div class=\"c17\">\n<fieldset class=\"c16\">\n<legend><strong><span class=\"c11\">Challenge<\/span><span class=\"c12\">news<\/span><\/strong><\/legend>\n<div class=\"c15\">Le meilleur de la r\u00e9daction s\u00e9lectionn\u00e9 par Challenge :<\/p>\n<\/div>\n<\/fieldset>\n<\/div>\n<p>Auteur: challenge<br \/>\n<a href=\"https:\/\/www.challenge.ma\/tunisie-beji-caid-essebsi-un-homme-detat-reformiste-113745\/\">Cliquez ici pour lire l&rsquo;article depuis sa source.<\/a><\/p>\n","protected":false},"excerpt":{"rendered":"<p>Le pr\u00e9sident tunisien B\u00e9ji Ca\u00efd Essebsi, d\u00e9c\u00e9d\u00e9 jeudi \u00e0 l\u2019h\u00f4pital militaire de Tunis, est n\u00e9 le 29 novembre 1926 \u00e0 Sidi Bousa\u00efd, en banlieue nord de Tunis. Avocat de formation, Ca\u00efd Essebsi avait fait ses \u00e9tudes juridiques \u00e0 la facult\u00e9 de droit de Paris jusqu\u2019en 1950 avant de s\u2019inscrire au Barreau de Tunis, deux ann\u00e9es [&hellip;]<\/p>\n","protected":false},"author":1787,"featured_media":0,"comment_status":"closed","ping_status":"closed","sticky":false,"template":"","format":"standard","meta":{"fifu_image_url":"","fifu_image_alt":"","footnotes":""},"categories":[78,54],"tags":[],"class_list":["post-48347","post","type-post","status-publish","format-standard","hentry","category-economie","category-maroc"],"_links":{"self":[{"href":"https:\/\/linitiative.ca\/International\/wp-json\/wp\/v2\/posts\/48347","targetHints":{"allow":["GET"]}}],"collection":[{"href":"https:\/\/linitiative.ca\/International\/wp-json\/wp\/v2\/posts"}],"about":[{"href":"https:\/\/linitiative.ca\/International\/wp-json\/wp\/v2\/types\/post"}],"author":[{"embeddable":true,"href":"https:\/\/linitiative.ca\/International\/wp-json\/wp\/v2\/users\/1787"}],"replies":[{"embeddable":true,"href":"https:\/\/linitiative.ca\/International\/wp-json\/wp\/v2\/comments?post=48347"}],"version-history":[{"count":0,"href":"https:\/\/linitiative.ca\/International\/wp-json\/wp\/v2\/posts\/48347\/revisions"}],"wp:attachment":[{"href":"https:\/\/linitiative.ca\/International\/wp-json\/wp\/v2\/media?parent=48347"}],"wp:term":[{"taxonomy":"category","embeddable":true,"href":"https:\/\/linitiative.ca\/International\/wp-json\/wp\/v2\/categories?post=48347"},{"taxonomy":"post_tag","embeddable":true,"href":"https:\/\/linitiative.ca\/International\/wp-json\/wp\/v2\/tags?post=48347"}],"curies":[{"name":"wp","href":"https:\/\/api.w.org\/{rel}","templated":true}]}}