{"id":48348,"date":"2019-07-25T06:00:00","date_gmt":"2019-07-25T10:00:00","guid":{"rendered":"https:\/\/linitiative.ca\/International\/les-rides-je-nen-veux-pas-que-faire\/"},"modified":"2019-07-25T06:00:00","modified_gmt":"2019-07-25T10:00:00","slug":"les-rides-je-nen-veux-pas-que-faire","status":"publish","type":"post","link":"https:\/\/linitiative.ca\/International\/les-rides-je-nen-veux-pas-que-faire\/","title":{"rendered":"Les rides , je n\u2019en veux pas !  Que faire ?"},"content":{"rendered":"<p>Si l\u2019apparition des rides naturelles est in\u00e9luctable, il est possible de se prot\u00e9ger des rides dues au vieillissement pr\u00e9matur\u00e9.\u00a0<\/p>\n<p>Les causes de ce vieillissement sont diverses : agressions ext\u00e9rieures telles que les rayons UV qui ab\u00eement la peau, pollution, mais aussi r\u00e9gime pauvre en vitamines, absorption de nicotine&#8230;\u00a0<br \/>R\u00e9sultat : Des radicaux libres se forment, cause principale du vieillissement pr\u00e9matur\u00e9 de la peau. Pour bien la prot\u00e9ger, utilisez des produits de soin du visage contenant des filtres UV et des \u00abpi\u00e8ges\u00bb \u00e0 radicaux libres. Non seulement\u00a0 votre peau sera hydrat\u00e9e, mais elle gardera aussi sa jeunesse plus longtemps.<\/p>\n<p><strong>Des taches blanches \u00e0 la surface de l&rsquo;ongle indiquent un manque de calcium<br \/>FAUX !<\/strong><br \/>De simples taches blanches sont en g\u00e9n\u00e9ral dues \u00e0 un choc sur l\u2019ongle : coup, pincement, mais aussi soins manucures trop intensifs.<br \/>Si cette coloration blanche s\u2019\u00e9tend sur l\u2019ensemble de l\u2019ongle, elle peut cependant traduire une carence alimentaire.<\/p>\n<p>Auteur:<br \/>\n<a href=\"https:\/\/www.lesoirdalgerie.com\/femme-magazine\/les-rides-je-nen-veux-pas-que-faire-27579\">Cliquez ici pour lire l&rsquo;article depuis sa source.<\/a><\/p>\n","protected":false},"excerpt":{"rendered":"<p>Si l\u2019apparition des rides naturelles est in\u00e9luctable, il est possible de se prot\u00e9ger des rides dues au vieillissement pr\u00e9matur\u00e9.\u00a0 Les causes de ce vieillissement sont diverses : agressions ext\u00e9rieures telles que les rayons UV qui ab\u00eement la peau, pollution, mais aussi r\u00e9gime pauvre en vitamines, absorption de nicotine&#8230;\u00a0R\u00e9sultat : Des radicaux libres se forment, cause [&hellip;]<\/p>\n","protected":false},"author":1741,"featured_media":0,"comment_status":"closed","ping_status":"closed","sticky":false,"template":"","format":"standard","meta":{"fifu_image_url":"","fifu_image_alt":"","footnotes":""},"categories":[73,53],"tags":[],"class_list":["post-48348","post","type-post","status-publish","format-standard","hentry","category-actualite","category-algerie"],"_links":{"self":[{"href":"https:\/\/linitiative.ca\/International\/wp-json\/wp\/v2\/posts\/48348","targetHints":{"allow":["GET"]}}],"collection":[{"href":"https:\/\/linitiative.ca\/International\/wp-json\/wp\/v2\/posts"}],"about":[{"href":"https:\/\/linitiative.ca\/International\/wp-json\/wp\/v2\/types\/post"}],"author":[{"embeddable":true,"href":"https:\/\/linitiative.ca\/International\/wp-json\/wp\/v2\/users\/1741"}],"replies":[{"embeddable":true,"href":"https:\/\/linitiative.ca\/International\/wp-json\/wp\/v2\/comments?post=48348"}],"version-history":[{"count":0,"href":"https:\/\/linitiative.ca\/International\/wp-json\/wp\/v2\/posts\/48348\/revisions"}],"wp:attachment":[{"href":"https:\/\/linitiative.ca\/International\/wp-json\/wp\/v2\/media?parent=48348"}],"wp:term":[{"taxonomy":"category","embeddable":true,"href":"https:\/\/linitiative.ca\/International\/wp-json\/wp\/v2\/categories?post=48348"},{"taxonomy":"post_tag","embeddable":true,"href":"https:\/\/linitiative.ca\/International\/wp-json\/wp\/v2\/tags?post=48348"}],"curies":[{"name":"wp","href":"https:\/\/api.w.org\/{rel}","templated":true}]}}