{"id":48350,"date":"2019-07-25T06:00:00","date_gmt":"2019-07-25T10:00:00","guid":{"rendered":"https:\/\/linitiative.ca\/International\/1-022-travailleurs-en-conge-forcee-a-tiaret\/"},"modified":"2019-07-25T06:00:00","modified_gmt":"2019-07-25T10:00:00","slug":"1-022-travailleurs-en-conge-forcee-a-tiaret","status":"publish","type":"post","link":"https:\/\/linitiative.ca\/International\/1-022-travailleurs-en-conge-forcee-a-tiaret\/","title":{"rendered":"1 022 travailleurs en cong\u00e9 forc\u00e9e \u00e0 Tiaret"},"content":{"rendered":"<div id=\"originalText\" readability=\"53\">\n<p>Un accord a \u00e9t\u00e9 trouv\u00e9 pour la mise en cong\u00e9 annuel forc\u00e9e de 1 022 travailleurs du groupe \u201cHaddad des travaux publics\u201d et de l\u2019usine de montage de v\u00e9hicules \u201cTahkout\u201d d\u2019installation implant\u00e9e \u00e0 Tiaret, comme solution provisoire aux probl\u00e8mes rencontr\u00e9s par les deux soci\u00e9t\u00e9s, a-t-on appris, hier, de l\u2019inspecteur du travail de la wilaya, Sa\u00efd Lakehal.\u00a0<\/p>\n<p>Cet accord a \u00e9t\u00e9 convenu entre les repr\u00e9sentants des travailleurs et des directions des deux soci\u00e9t\u00e9s lors de n\u00e9gociations au si\u00e8ge de l\u2019inspection du Travail, a-t-il indiqu\u00e9,soulignant que le travail reprendra directement apr\u00e8s le cong\u00e9 quelles que soient les conditions.<\/p>\n<p>Le probl\u00e8me pos\u00e9 au sein de l\u2019usine de Tahkout et mentionn\u00e9 au rapport des n\u00e9gociations est relatif, selon le repr\u00e9sentant de l\u2019administration, \u00e0 la mati\u00e8re premi\u00e8re arraisonn\u00e9e au port de Mostaganem qui est \u00e0 l&rsquo;origine de l\u2019arr\u00eat du travail.\u00a0Un accord collectif a \u00e9t\u00e9 sign\u00e9 pour mettre en cong\u00e9 les 798 travailleurs de cette usine.\u00a0<\/p>\n<p class=\"c10\"><strong>APS<\/strong><\/p>\n<\/div>\n<div id=\"text_core\" readability=\"53\">\n<p>Un accord a \u00e9t\u00e9 trouv\u00e9 pour la mise en cong\u00e9 annuel forc\u00e9e de 1 022 travailleurs du groupe \u201cHaddad des travaux publics\u201d et de l\u2019usine de montage de v\u00e9hicules \u201cTahkout\u201d d\u2019installation implant\u00e9e \u00e0 Tiaret, comme solution provisoire aux probl\u00e8mes rencontr\u00e9s par les deux soci\u00e9t\u00e9s, a-t-on appris, hier, de l\u2019inspecteur du travail de la wilaya, Sa\u00efd Lakehal.\u00a0<\/p>\n<p>Cet accord a \u00e9t\u00e9 convenu entre les repr\u00e9sentants des travailleurs et des directions des deux soci\u00e9t\u00e9s lors de n\u00e9gociations au si\u00e8ge de l\u2019inspection du Travail, a-t-il indiqu\u00e9,soulignant que le travail reprendra directement apr\u00e8s le cong\u00e9 quelles que soient les conditions.<\/p>\n<p>Le probl\u00e8me pos\u00e9 au sein de l\u2019usine de Tahkout et mentionn\u00e9 au rapport des n\u00e9gociations est relatif, selon le repr\u00e9sentant de l\u2019administration, \u00e0 la mati\u00e8re premi\u00e8re arraisonn\u00e9e au port de Mostaganem qui est \u00e0 l&rsquo;origine de l\u2019arr\u00eat du travail.\u00a0Un accord collectif a \u00e9t\u00e9 sign\u00e9 pour mettre en cong\u00e9 les 798 travailleurs de cette usine.\u00a0<\/p>\n<p class=\"c10\"><strong>APS<\/strong><\/p>\n<\/div>\n<p>Auteur:<br \/>\n<a href=\"https:\/\/www.liberte-algerie.com\/actualite\/1-022-travailleurs-en-conge-forcee-a-tiaret-320630\">Cliquez ici pour lire l&rsquo;article depuis sa source.<\/a><\/p>\n","protected":false},"excerpt":{"rendered":"<p>Un accord a \u00e9t\u00e9 trouv\u00e9 pour la mise en cong\u00e9 annuel forc\u00e9e de 1 022 travailleurs du groupe \u201cHaddad des travaux publics\u201d et de l\u2019usine de montage de v\u00e9hicules \u201cTahkout\u201d d\u2019installation implant\u00e9e \u00e0 Tiaret, comme solution provisoire aux probl\u00e8mes rencontr\u00e9s par les deux soci\u00e9t\u00e9s, a-t-on appris, hier, de l\u2019inspecteur du travail de la wilaya, Sa\u00efd [&hellip;]<\/p>\n","protected":false},"author":1742,"featured_media":0,"comment_status":"closed","ping_status":"closed","sticky":false,"template":"","format":"standard","meta":{"fifu_image_url":"","fifu_image_alt":"","footnotes":""},"categories":[73,53],"tags":[],"class_list":["post-48350","post","type-post","status-publish","format-standard","hentry","category-actualite","category-algerie"],"_links":{"self":[{"href":"https:\/\/linitiative.ca\/International\/wp-json\/wp\/v2\/posts\/48350","targetHints":{"allow":["GET"]}}],"collection":[{"href":"https:\/\/linitiative.ca\/International\/wp-json\/wp\/v2\/posts"}],"about":[{"href":"https:\/\/linitiative.ca\/International\/wp-json\/wp\/v2\/types\/post"}],"author":[{"embeddable":true,"href":"https:\/\/linitiative.ca\/International\/wp-json\/wp\/v2\/users\/1742"}],"replies":[{"embeddable":true,"href":"https:\/\/linitiative.ca\/International\/wp-json\/wp\/v2\/comments?post=48350"}],"version-history":[{"count":0,"href":"https:\/\/linitiative.ca\/International\/wp-json\/wp\/v2\/posts\/48350\/revisions"}],"wp:attachment":[{"href":"https:\/\/linitiative.ca\/International\/wp-json\/wp\/v2\/media?parent=48350"}],"wp:term":[{"taxonomy":"category","embeddable":true,"href":"https:\/\/linitiative.ca\/International\/wp-json\/wp\/v2\/categories?post=48350"},{"taxonomy":"post_tag","embeddable":true,"href":"https:\/\/linitiative.ca\/International\/wp-json\/wp\/v2\/tags?post=48350"}],"curies":[{"name":"wp","href":"https:\/\/api.w.org\/{rel}","templated":true}]}}