{"id":48351,"date":"2019-07-25T06:45:00","date_gmt":"2019-07-25T10:45:00","guid":{"rendered":"https:\/\/linitiative.ca\/International\/croissance-2020-lannee-de-la-reprise\/"},"modified":"2019-07-25T06:45:00","modified_gmt":"2019-07-25T10:45:00","slug":"croissance-2020-lannee-de-la-reprise","status":"publish","type":"post","link":"https:\/\/linitiative.ca\/International\/croissance-2020-lannee-de-la-reprise\/","title":{"rendered":"Croissance: 2020, l\u2019ann\u00e9e de la reprise?"},"content":{"rendered":"<div readability=\"36\">\n<p>Les recommandations du FMI d\u2019ici l\u00e0<\/p>\n<p>Regagner en stabilit\u00e9 politico-\u00e9conomique<\/p>\n<p>Les pays \u00e9mergents doivent g\u00e9rer leur dette<\/p>\n<\/div>\n<div readability=\"117.906889353\">\n<div class=\"dnd-atom-wrapper type-image context-sdl_editor_representation\" contenteditable=\"false\" readability=\"37.5\">\n<div class=\"dnd-drop-wrapper image\"><img loading=\"lazy\" decoding=\"async\" typeof=\"foaf:Image\" class=\"img-responsive\" src=\"https:\/\/leconomiste.com\/sites\/default\/files\/eco7\/public\/thumbnails\/image\/meteo_croissance_063.jpg\" width=\"800\" height=\"504\" alt=\"meteo_croissance_063.jpg\" title=\"meteo_croissance_063.jpg\"\/><\/div>\n<div class=\"dnd-legend-wrapper\" contenteditable=\"true\" readability=\"20\">\n<p class=\"rtejustify\">Le FMI table sur une expansion de 3,2% cette ann\u00e9e et de 3,5% en 2020, soit 0,1 point de moins que lors de ses pr\u00e9visions publi\u00e9es en avril. Pour la seule zone euro, la pr\u00e9vision reste inchang\u00e9e \u00e0 +1,3%. En ce qui concerne la r\u00e9gion du Moyen-Orient, de l\u2019Afrique du Nord, de l\u2019Afghanistan et du Pakistan, la croissance devrait \u00eatre de 1% en 2019, avant de monter aux environs de 3% en 2020<\/p>\n<\/div>\n<\/div>\n<p class=\"rtejustify\">Croissance mondiale \u00e0 3,5% en 2020 contre 3,2% en 2019 et 3,8% en 2018, fl\u00e9chissement g\u00e9n\u00e9ral de l\u2019inflation, investissements et demande en biens durables mitig\u00e9s, ralentissement du commerce mondial\u2026 le FMI continue de lancer des avertissements.<\/p>\n<p class=\"rtejustify\">A la veille d\u2019une conf\u00e9rence organis\u00e9e du 24 au 25 juillet \u00e0 Santiago en partenariat avec la Banque centrale du Chili, l\u2019institution a publi\u00e9 une mise \u00e0 jour de ses perspectives \u00e9conomiques mondiales de 2019-2020. Celles-ci ont revu les pr\u00e9visions de la croissance mondiale \u00e0 la baisse de 0,1 point par rapport \u00e0 celles d\u2019avril dernier.<\/p>\n<p class=\"rtejustify\">Le maintien des tensions commerciales et des menaces constantes d\u2019augmentation des droits de douane risquent de faire durer la tendance. Un tel contexte g\u00e9opolitique cr\u00e9e ainsi plus d\u2019incertitudes qui nuisent au libre-\u00e9change et \u00e0 la stabilit\u00e9 financi\u00e8re.<\/p>\n<p class=\"rtejustify\">Et les pays \u00e9mergents et en voie de d\u00e9veloppement en souffrent particuli\u00e8rement, selon le rapport du FMI. Ayant pour th\u00e8me les \u00abd\u00e9fis actuels des politiques \u00e9conomiques pour les march\u00e9s \u00e9mergents\u00bb, la conf\u00e9rence de Santiago s\u2019int\u00e9resse d\u2019ailleurs \u00e0 ces pays-l\u00e0.<\/p>\n<p class=\"rtejustify\">Face \u00e0 une telle conjoncture, l\u2019institution \u00e9conomique internationale fixe ses priorit\u00e9s autour de la stabilisation des politiques macro\u00e9conomiques afin d\u2019\u00e9viter une poursuite des ralentissements et favoriser une reprise.<\/p>\n<p class=\"rtejustify\">Les recommandations se concentrent en premier lieu sur la n\u00e9cessit\u00e9 de renforcer le multilat\u00e9ralisme. En effet, 75 ans apr\u00e8s la signature des accords de Bretton Woods et sa cr\u00e9ation, le FMI ne peut que s\u2019inqui\u00e9ter de l\u2019actualit\u00e9 \u00e9conomique. Il exhorte \u00e0 \u00abr\u00e9duire les tensions commerciales et technologiques et d\u2019\u00e9liminer l\u2019incertitude entourant les modifications d\u2019accords commerciaux\u00bb, se r\u00e9f\u00e9rant au Royaume-Uni et \u00e0 l\u2019Union Europ\u00e9enne ainsi qu\u2019aux Etats-Unis, au Mexique et au Canada.<\/p>\n<p class=\"rtejustify\">Les \u00e9conomistes visent aussi Donald Trump en demandant de ne \u00abpas utiliser les droits de douane pour cibler des balances commerciales bilat\u00e9rales\u00bb. Enfin, un \u00e9ni\u00e8me appel \u00e0 r\u00e9former d\u2019urgence l\u2019OMC a \u00e9t\u00e9 lanc\u00e9 afin de surmonter la crise entourant son organe de r\u00e8glement des diff\u00e9rends et \u00abd\u2019\u00e9viter un d\u00e9tricotage des r\u00e9formes de la r\u00e9glementation financi\u00e8re\u00bb.<\/p>\n<p class=\"rtejustify\">Le FMI donne aussi ses pr\u00e9conisations aux Etats. Au niveau national, il s\u2019agit de parvenir \u00e0 se pr\u00e9munir face \u00e0 l\u2019impr\u00e9visibilit\u00e9 du march\u00e9 international, mais aussi de trouver un \u00ab\u00e9quilibre entre la croissance, l\u2019\u00e9quit\u00e9, le d\u00e9veloppement durable et l\u2019inclusion\u00bb, selon les mots de Gita Gopinath, cheffe \u00e9conomiste du Fonds.<\/p>\n<p class=\"rtecenter\"><strong>Politiques mon\u00e9taires, dette\u2026<\/strong><\/p>\n<p class=\"rtejustify\">\u00a0A cette \u00e9chelle, les \u00e9conomistes adaptent leurs recommandations \u00e0 chaque pays, tout en distinguant\u00a0 entre pays avanc\u00e9s et pays \u00e9mergents et en d\u00e9veloppement. Pour les premiers, la priorit\u00e9 est donn\u00e9e au maintien de politiques mon\u00e9taires plus accommodantes en raison du fl\u00e9chissement de l\u2019inflation et \u00e0 la baisse de la demande. Celles-ci doivent toutefois \u00eatre accompagn\u00e9es d\u2019un \u00abrenforcement des politiques macroprudentielles afin de pr\u00e9venir les exc\u00e8s des march\u00e9s financiers\u00bb.<\/p>\n<p class=\"rtejustify\">Des r\u00e9formes structurelles doivent aussi \u00eatre men\u00e9es en r\u00e9formant le march\u00e9 du travail dans le cas de certains pays. Pour les seconds, des remaniements au niveau des politiques \u00e9conomiques doivent aussi \u00eatre faits. En parall\u00e8le de politiques mon\u00e9taires plus souples, il faut ma\u00eetriser la dette qui continue \u00e0 se creuser dans de nombreux cas. Mais le FMI insiste surtout sur l\u2019urgence d\u2019orienter les efforts vers l\u2019id\u00e9al de la croissance inclusive. Il faut donner la priorit\u00e9 \u00abaux d\u00e9penses sociales qui sont n\u00e9cessaires par rapport aux d\u00e9penses r\u00e9currentes et \u00e0 des subventions mal cibl\u00e9es\u00bb.<\/p>\n<p class=\"rtejustify\">Le Maroc avait d\u2019ailleurs re\u00e7u des recommandations du FMI allant dans ce sens, comme cela a \u00e9t\u00e9 trait\u00e9 dans <a href=\"https:\/\/leconomiste.com\/archive\/edition\/5558\" target=\"_blank\" rel=\"noopener noreferrer\"><span class=\"c6\"><em><strong>notre \u00e9dition N\u00b0 5558 dat\u00e9e du 17\/07\/2019<\/strong><\/em><\/span><\/a>. Il avait \u00e9t\u00e9 pr\u00e9conis\u00e9 de trouver \u00abplus de coh\u00e9rence dans les r\u00e9formes\u00bb et de se focaliser sur l\u2019am\u00e9lioration du syst\u00e8me \u00e9ducatif, l\u2019inclusion des femmes et l\u2019efficacit\u00e9 du march\u00e9 du travail.<\/p>\n<p class=\"rtejustify\">Dans ce contexte \u00e9conomique et dans l\u2019attente d\u2019une reprise de la croissance, les \u00e9conomistes du FMI pr\u00f4nent donc leurs trois mots d\u2019ordre: \u00able multilat\u00e9ralisme, la r\u00e9silience et l\u2019inclusion\u00bb.<\/p>\n<p class=\"rtejustify\"><em>Ali BENRAMDANE<\/em><\/p>\n<p class=\"rtejustify\">\u00a0<\/p>\n<\/div>\n<p>Auteur: hlafriqi<br \/>\n<a href=\"https:\/\/www.leconomiste.com\/article\/1048245-croissance-2020-l-annee-de-la-reprise\">Cliquez ici pour lire l&rsquo;article depuis sa source.<\/a><\/p>\n","protected":false},"excerpt":{"rendered":"<p>Les recommandations du FMI d\u2019ici l\u00e0 Regagner en stabilit\u00e9 politico-\u00e9conomique Les pays \u00e9mergents doivent g\u00e9rer leur dette Le FMI table sur une expansion de 3,2% cette ann\u00e9e et de 3,5% en 2020, soit 0,1 point de moins que lors de ses pr\u00e9visions publi\u00e9es en avril. Pour la seule zone euro, la pr\u00e9vision reste inchang\u00e9e \u00e0 [&hellip;]<\/p>\n","protected":false},"author":1763,"featured_media":48356,"comment_status":"closed","ping_status":"closed","sticky":false,"template":"","format":"standard","meta":{"fifu_image_url":"","fifu_image_alt":"","footnotes":""},"categories":[78,54],"tags":[],"class_list":["post-48351","post","type-post","status-publish","format-standard","has-post-thumbnail","hentry","category-economie","category-maroc"],"_links":{"self":[{"href":"https:\/\/linitiative.ca\/International\/wp-json\/wp\/v2\/posts\/48351","targetHints":{"allow":["GET"]}}],"collection":[{"href":"https:\/\/linitiative.ca\/International\/wp-json\/wp\/v2\/posts"}],"about":[{"href":"https:\/\/linitiative.ca\/International\/wp-json\/wp\/v2\/types\/post"}],"author":[{"embeddable":true,"href":"https:\/\/linitiative.ca\/International\/wp-json\/wp\/v2\/users\/1763"}],"replies":[{"embeddable":true,"href":"https:\/\/linitiative.ca\/International\/wp-json\/wp\/v2\/comments?post=48351"}],"version-history":[{"count":0,"href":"https:\/\/linitiative.ca\/International\/wp-json\/wp\/v2\/posts\/48351\/revisions"}],"wp:featuredmedia":[{"embeddable":true,"href":"https:\/\/linitiative.ca\/International\/wp-json\/"}],"wp:attachment":[{"href":"https:\/\/linitiative.ca\/International\/wp-json\/wp\/v2\/media?parent=48351"}],"wp:term":[{"taxonomy":"category","embeddable":true,"href":"https:\/\/linitiative.ca\/International\/wp-json\/wp\/v2\/categories?post=48351"},{"taxonomy":"post_tag","embeddable":true,"href":"https:\/\/linitiative.ca\/International\/wp-json\/wp\/v2\/tags?post=48351"}],"curies":[{"name":"wp","href":"https:\/\/api.w.org\/{rel}","templated":true}]}}