{"id":48353,"date":"2019-07-25T05:00:56","date_gmt":"2019-07-25T09:00:56","guid":{"rendered":"https:\/\/linitiative.ca\/International\/sensibilisation-au-niveau-de-la-foret-de-bainem\/"},"modified":"2019-07-25T05:00:56","modified_gmt":"2019-07-25T09:00:56","slug":"sensibilisation-au-niveau-de-la-foret-de-bainem","status":"publish","type":"post","link":"https:\/\/linitiative.ca\/International\/sensibilisation-au-niveau-de-la-foret-de-bainem\/","title":{"rendered":"Sensibilisation au niveau de la for\u00eat de Ba\u00efnem"},"content":{"rendered":"<h4 class=\"title-14\">LG organise une op\u00e9ration de nettoyage<\/h4>\n<div class=\"featured_image\"><img width=\"800\" height=\"532\" data-cfsrc=\"https:\/\/www.elwatan.com\/wp-content\/uploads\/2019\/07\/bainem.gif\" class=\"attachment-post-thumbnail size-post-thumbnail wp-post-image c2\" alt=\"\"\/><noscript><\/p>\n<p><img loading=\"lazy\" decoding=\"async\" width=\"800\" height=\"532\" src=\"https:\/\/www.elwatan.com\/wp-content\/uploads\/2019\/07\/bainem.gif\" class=\"attachment-post-thumbnail size-post-thumbnail wp-post-image\" alt=\"\"\/><\/p>\n<p><\/noscript><\/div>\n<p class=\"p4\"><span class=\"s1\"><strong>L<\/strong><\/span>G Electronics Alg\u00e9rie a organis\u00e9 avec ses employ\u00e9s une op\u00e9ration de nettoyage de la for\u00eat de Ba\u00efnem, situ\u00e9e dans la commune de Hammamet, en collaboration avec la Conservation des for\u00eats de la wilaya d\u2019Alger, l\u2019APC de Hammamet et les membres de l\u2019association SOS Environnement, les Scouts musulmans alg\u00e9riens et l\u2019association Torba. <em>\u00abCette op\u00e9ration s\u2019inscrit dans la strat\u00e9gie et l\u2019engagement continuel de LG Electronics en mati\u00e8re de d\u00e9veloppement durable et de protection de l\u2019environnement\u00bb<\/em>, selon un communiqu\u00e9 de presse.<\/p>\n<p class=\"p5\">Cet engagement est refl\u00e9t\u00e9, selon la m\u00eame source, \u00e0 travers les diff\u00e9rentes initiatives mises en place chaque ann\u00e9e par la marque \u00e0 l\u2019\u00e9chelle internationale et locale, ainsi qu\u2019\u00e0 travers les technologies haut de gamme int\u00e9gr\u00e9es \u00e0 l\u2019ensemble des produits de la marque visant \u00e0 r\u00e9duire les consommations d\u2019\u00e9nergie et d\u2019eau.<\/p>\n<p class=\"p5\">Mettant \u00e0 profit cette initiative, la Conservation des for\u00eats de la wilaya d\u2019Alger a organis\u00e9 une exposition sur les incendies de for\u00eat et les informations n\u00e9cessaires sur les arbres existants dans les for\u00eats alg\u00e9riennes. Quant \u00e0 l\u2019association SOS Environnement, elle active depuis plusieurs ann\u00e9es dans le domaine de la pr\u00e9servation de la nature et incite les internautes via les r\u00e9seaux sociaux \u00e0 participer aux campagnes de sensibilisation et de nettoyage. La for\u00eat de Ba\u00efnem a \u00e9t\u00e9 le foyer de nombreux incendies ayant emport\u00e9 des dizaines de milliers d\u2019hectares ces derni\u00e8res ann\u00e9es.<\/p>\n<p class=\"p5\">Or, elle est un refuge pour les familles alg\u00e9riennes, notamment en saison estivale. Elle reste le poumon d\u2019Alger avec ses 508 ha. Au-del\u00e0 de sa contribution et de sa participation active \u00e0 diverses initiatives visant \u00e0 soutenir d\u2019importantes causes, telles que son adh\u00e9sion au Programme des Nations unies pour l\u2019environnement (PNUE), LG Electronics veut <em>\u00abrepousser ses limites et s\u2019engage \u00e0 \u00e9liminer ses \u00e9missions de carbone d\u2019ici l\u2019ann\u00e9e 2020\u00bb.<\/em><\/p>\n<p class=\"p5\">La pr\u00e9servation de la qualit\u00e9 du cadre de vie et le maintien, ou la restauration, du bien-\u00eatre environnemental s\u2019affirment comme des enjeux d\u2019un d\u00e9veloppement durable. Les probl\u00e8mes environnementaux ont des impacts n\u00e9gatifs directs sur l\u2019activit\u00e9 et l\u2019efficacit\u00e9 \u00e9conomiques, sur la sant\u00e9 et la qualit\u00e9 de vie de la population, sur la productivit\u00e9 et la durabilit\u00e9 du patrimoine naturel.<\/p>\n<p><span class=\"post-views-label\">Post Views:<\/span> <span class=\"post-views-count\">11<\/span><\/p>\n<p><br class=\"c4\"\/><\/p>\n<p>Auteur: Anis Khecheba<br \/>\n<a href=\"https:\/\/www.elwatan.com\/pages-hebdo\/magazine\/sensibilisation-au-niveau-de-la-foret-de-bainem-25-07-2019\">Cliquez ici pour lire l&rsquo;article depuis sa source.<\/a><\/p>\n","protected":false},"excerpt":{"rendered":"<p>LG organise une op\u00e9ration de nettoyage LG Electronics Alg\u00e9rie a organis\u00e9 avec ses employ\u00e9s une op\u00e9ration de nettoyage de la for\u00eat de Ba\u00efnem, situ\u00e9e dans la commune de Hammamet, en collaboration avec la Conservation des for\u00eats de la wilaya d\u2019Alger, l\u2019APC de Hammamet et les membres de l\u2019association SOS Environnement, les Scouts musulmans alg\u00e9riens et [&hellip;]<\/p>\n","protected":false},"author":1743,"featured_media":48359,"comment_status":"closed","ping_status":"closed","sticky":false,"template":"","format":"standard","meta":{"fifu_image_url":"","fifu_image_alt":"","footnotes":""},"categories":[73,53],"tags":[],"class_list":["post-48353","post","type-post","status-publish","format-standard","has-post-thumbnail","hentry","category-actualite","category-algerie"],"_links":{"self":[{"href":"https:\/\/linitiative.ca\/International\/wp-json\/wp\/v2\/posts\/48353","targetHints":{"allow":["GET"]}}],"collection":[{"href":"https:\/\/linitiative.ca\/International\/wp-json\/wp\/v2\/posts"}],"about":[{"href":"https:\/\/linitiative.ca\/International\/wp-json\/wp\/v2\/types\/post"}],"author":[{"embeddable":true,"href":"https:\/\/linitiative.ca\/International\/wp-json\/wp\/v2\/users\/1743"}],"replies":[{"embeddable":true,"href":"https:\/\/linitiative.ca\/International\/wp-json\/wp\/v2\/comments?post=48353"}],"version-history":[{"count":0,"href":"https:\/\/linitiative.ca\/International\/wp-json\/wp\/v2\/posts\/48353\/revisions"}],"wp:featuredmedia":[{"embeddable":true,"href":"https:\/\/linitiative.ca\/International\/wp-json\/"}],"wp:attachment":[{"href":"https:\/\/linitiative.ca\/International\/wp-json\/wp\/v2\/media?parent=48353"}],"wp:term":[{"taxonomy":"category","embeddable":true,"href":"https:\/\/linitiative.ca\/International\/wp-json\/wp\/v2\/categories?post=48353"},{"taxonomy":"post_tag","embeddable":true,"href":"https:\/\/linitiative.ca\/International\/wp-json\/wp\/v2\/tags?post=48353"}],"curies":[{"name":"wp","href":"https:\/\/api.w.org\/{rel}","templated":true}]}}