{"id":48354,"date":"2019-07-25T09:46:38","date_gmt":"2019-07-25T13:46:38","guid":{"rendered":"https:\/\/linitiative.ca\/International\/equipe-dalgerie-bounedjah-reprend-lentrainement-avec-al-sadd\/"},"modified":"2019-07-25T09:46:38","modified_gmt":"2019-07-25T13:46:38","slug":"equipe-dalgerie-bounedjah-reprend-lentrainement-avec-al-sadd","status":"publish","type":"post","link":"https:\/\/linitiative.ca\/International\/equipe-dalgerie-bounedjah-reprend-lentrainement-avec-al-sadd\/","title":{"rendered":"Equipe d&rsquo;Alg\u00e9rie : Bounedjah reprend l\u2019entra\u00eenement avec Al Sadd"},"content":{"rendered":"<div readability=\"32\">\n<p>Auteur : <span class=\"time\">jeudi 25 juillet 2019 14:21<\/span><\/p>\n<\/div>\n<div id=\"post_core\" readability=\"39\">\n<p>L\u2019attaquant Alg\u00e9rien, Baghdad Bounedjah a repris aujourd\u2019hui l\u2019entra\u00eenement avec Al Sadd. Ayant r\u00e9cemment remport\u00e9 la CAN avec les Verts, l\u2019enfant d\u2019Oran n\u2019aura finalement eu droit qu\u2019une semaine de repos avant de reprendre ce jeudi l\u2019entra\u00eenement avec ses co\u00e9quipiers d\u2019Al Sadd.<\/p>\n<p><strong>Publi\u00e9 dans :<\/strong> <span>Bounedjah<\/span> <span>Al Sadd<\/span><\/p>\n<\/div>\n<p>Auteur:<br \/>\n<a href=\"http:\/\/www.lebuteur.com\/article\/detail?titre=bounedjah-reprend-lentrainement-avec-al-sadd&#038;id=90684&#038;utm_source=feedburner&#038;utm_medium=feed&#038;utm_campaign=Feed%3A+GalerieFArtciles+%28Les+derniers+articles++-+lebuteur.com%29\">Cliquez ici pour lire l&rsquo;article depuis sa source.<\/a><\/p>\n","protected":false},"excerpt":{"rendered":"<p>Auteur : jeudi 25 juillet 2019 14:21 L\u2019attaquant Alg\u00e9rien, Baghdad Bounedjah a repris aujourd\u2019hui l\u2019entra\u00eenement avec Al Sadd. Ayant r\u00e9cemment remport\u00e9 la CAN avec les Verts, l\u2019enfant d\u2019Oran n\u2019aura finalement eu droit qu\u2019une semaine de repos avant de reprendre ce jeudi l\u2019entra\u00eenement avec ses co\u00e9quipiers d\u2019Al Sadd. Publi\u00e9 dans : Bounedjah Al Sadd Auteur: Cliquez [&hellip;]<\/p>\n","protected":false},"author":1738,"featured_media":48358,"comment_status":"closed","ping_status":"closed","sticky":false,"template":"","format":"standard","meta":{"fifu_image_url":"","fifu_image_alt":"","footnotes":""},"categories":[53,75],"tags":[],"class_list":["post-48354","post","type-post","status-publish","format-standard","has-post-thumbnail","hentry","category-algerie","category-sport"],"_links":{"self":[{"href":"https:\/\/linitiative.ca\/International\/wp-json\/wp\/v2\/posts\/48354","targetHints":{"allow":["GET"]}}],"collection":[{"href":"https:\/\/linitiative.ca\/International\/wp-json\/wp\/v2\/posts"}],"about":[{"href":"https:\/\/linitiative.ca\/International\/wp-json\/wp\/v2\/types\/post"}],"author":[{"embeddable":true,"href":"https:\/\/linitiative.ca\/International\/wp-json\/wp\/v2\/users\/1738"}],"replies":[{"embeddable":true,"href":"https:\/\/linitiative.ca\/International\/wp-json\/wp\/v2\/comments?post=48354"}],"version-history":[{"count":0,"href":"https:\/\/linitiative.ca\/International\/wp-json\/wp\/v2\/posts\/48354\/revisions"}],"wp:featuredmedia":[{"embeddable":true,"href":"https:\/\/linitiative.ca\/International\/wp-json\/"}],"wp:attachment":[{"href":"https:\/\/linitiative.ca\/International\/wp-json\/wp\/v2\/media?parent=48354"}],"wp:term":[{"taxonomy":"category","embeddable":true,"href":"https:\/\/linitiative.ca\/International\/wp-json\/wp\/v2\/categories?post=48354"},{"taxonomy":"post_tag","embeddable":true,"href":"https:\/\/linitiative.ca\/International\/wp-json\/wp\/v2\/tags?post=48354"}],"curies":[{"name":"wp","href":"https:\/\/api.w.org\/{rel}","templated":true}]}}