{"id":48355,"date":"2019-07-24T19:00:00","date_gmt":"2019-07-24T23:00:00","guid":{"rendered":"https:\/\/linitiative.ca\/International\/session-ordinaire-du-comite-central-du-fln-une-nouvelle-feuille-de-route\/"},"modified":"2019-07-24T19:00:00","modified_gmt":"2019-07-24T23:00:00","slug":"session-ordinaire-du-comite-central-du-fln-une-nouvelle-feuille-de-route","status":"publish","type":"post","link":"https:\/\/linitiative.ca\/International\/session-ordinaire-du-comite-central-du-fln-une-nouvelle-feuille-de-route\/","title":{"rendered":"Session ordinaire du  comit\u00e9 central  du FLN :  Une nouvelle feuille de route"},"content":{"rendered":"<div>Se red\u00e9ployer sur la sc\u00e8ne politique suivant un nouveau sursaut qui tranche avec une ligne de conduite s\u00e9v\u00e8rement d\u00e9cri\u00e9e depuis l\u2019av\u00e8nement du 22 f\u00e9vrier, c\u2019est bien l\u00e0 que r\u00e9side l\u2019objectif principal du FLN qui r\u00e9unit aujourd\u2019hui \u00e0 Alger son comit\u00e9 central pour une premi\u00e8re session ordinaire pr\u00e9sid\u00e9e par le nouveau secr\u00e9taire g\u00e9n\u00e9ral Mohamed Djemai.<img loading=\"lazy\" decoding=\"async\" src=\"http:\/\/feeds.feedburner.com\/~r\/ElmoudjahidArticles\/~4\/8ASuNwUcnhM\" height=\"1\" width=\"1\" alt=\"\"><\/div>\n<p>Auteur: elmoudjahid<br \/>\n<a href=\"http:\/\/feedproxy.google.com\/~r\/ElmoudjahidArticles\/~3\/8ASuNwUcnhM\/139756\">Cliquez ici pour lire l&rsquo;article depuis sa source.<\/a><\/p>\n","protected":false},"excerpt":{"rendered":"<p>Se red\u00e9ployer sur la sc\u00e8ne politique suivant un nouveau sursaut qui tranche avec une ligne de conduite s\u00e9v\u00e8rement d\u00e9cri\u00e9e depuis l\u2019av\u00e8nement du 22 f\u00e9vrier, c\u2019est bien l\u00e0 que r\u00e9side l\u2019objectif principal du FLN qui r\u00e9unit aujourd\u2019hui \u00e0 Alger son comit\u00e9 central pour une premi\u00e8re session ordinaire pr\u00e9sid\u00e9e par le nouveau secr\u00e9taire g\u00e9n\u00e9ral Mohamed Djemai. Auteur: [&hellip;]<\/p>\n","protected":false},"author":1744,"featured_media":0,"comment_status":"closed","ping_status":"closed","sticky":false,"template":"","format":"standard","meta":{"fifu_image_url":"","fifu_image_alt":"","footnotes":""},"categories":[73,53],"tags":[],"class_list":["post-48355","post","type-post","status-publish","format-standard","hentry","category-actualite","category-algerie"],"_links":{"self":[{"href":"https:\/\/linitiative.ca\/International\/wp-json\/wp\/v2\/posts\/48355","targetHints":{"allow":["GET"]}}],"collection":[{"href":"https:\/\/linitiative.ca\/International\/wp-json\/wp\/v2\/posts"}],"about":[{"href":"https:\/\/linitiative.ca\/International\/wp-json\/wp\/v2\/types\/post"}],"author":[{"embeddable":true,"href":"https:\/\/linitiative.ca\/International\/wp-json\/wp\/v2\/users\/1744"}],"replies":[{"embeddable":true,"href":"https:\/\/linitiative.ca\/International\/wp-json\/wp\/v2\/comments?post=48355"}],"version-history":[{"count":0,"href":"https:\/\/linitiative.ca\/International\/wp-json\/wp\/v2\/posts\/48355\/revisions"}],"wp:attachment":[{"href":"https:\/\/linitiative.ca\/International\/wp-json\/wp\/v2\/media?parent=48355"}],"wp:term":[{"taxonomy":"category","embeddable":true,"href":"https:\/\/linitiative.ca\/International\/wp-json\/wp\/v2\/categories?post=48355"},{"taxonomy":"post_tag","embeddable":true,"href":"https:\/\/linitiative.ca\/International\/wp-json\/wp\/v2\/tags?post=48355"}],"curies":[{"name":"wp","href":"https:\/\/api.w.org\/{rel}","templated":true}]}}