{"id":48362,"date":"2019-07-25T08:48:00","date_gmt":"2019-07-25T12:48:00","guid":{"rendered":"https:\/\/linitiative.ca\/International\/document-lhommage-de-la-sorbonne-a-beji-caid-essebsi-photos-et-video\/"},"modified":"2019-07-25T08:48:00","modified_gmt":"2019-07-25T12:48:00","slug":"document-lhommage-de-la-sorbonne-a-beji-caid-essebsi-photos-et-video","status":"publish","type":"post","link":"https:\/\/linitiative.ca\/International\/document-lhommage-de-la-sorbonne-a-beji-caid-essebsi-photos-et-video\/","title":{"rendered":"Document : L\u2019hommage de la Sorbonne \u00e0 B\u00e9ji Ca\u00efd Essebsi (Photos et vid\u00e9o)"},"content":{"rendered":"<p>Le mardi 7 avril 2015 restera grav\u00e9 dans la m\u00e9moire. Ce jour-l\u00e0, l\u2019ancien \u00e9tudiant de la Facult\u00e9 de Droit de Paris (1949 \u2013 1952), devenu premier pr\u00e9sident d\u00e9mocratiquement \u00e9lu de la Tunisie depuis des d\u00e9cennies \u00e9tait c\u00e9l\u00e9br\u00e9 par la Sorbonne qui lui d\u00e9cern\u00e9 son doctorat honoris Causa.\u00a0<\/p>\n<p><em class=\"c2\">\u25ba\u00a0<\/em><a href=\"http:\/\/www.pantheonsorbonne.fr\/services\/communication\/evenements\/doctorat-honoris-causa\/\" title=\"Opens external link in new window\" target=\"_blank\" class=\"external-link-new-window c3\" rel=\"noopener noreferrer\">Cliquez ici pour voir les photos et vid\u00e9os de la c\u00e9r\u00e9monie<\/a><span class=\"c4\">.<\/span><\/p>\n<p class=\"c5\"><img loading=\"lazy\" decoding=\"async\" src=\"\/uploads\/FCK_files\/Sorbonne3.jpg\" width=\"700\" height=\"464\" vspace=\"5\" hspace=\"5\" align=\"middle\" alt=\"\"\/><\/p>\n<p>Le Philippe Boutry, Pr\u00e9sident de l\u2019Universit\u00e9 Paris 1 Panth\u00e9on-Sorbonne, lui a en effet remis le doctorat\u00a0honoris causa\u00a0et ses insignes en pr\u00e9sence de nombreuses personnalit\u00e9s.<\/p>\n<p class=\"c5\"><img loading=\"lazy\" decoding=\"async\" src=\"\/uploads\/FCK_files\/Sorbonne2(1).jpg\" width=\"700\" height=\"464\" vspace=\"5\" hspace=\"5\" align=\"middle\" alt=\"\"\/><\/p>\n<p class=\"c6\">Dans son tr\u00e8s bel \u00e9loge de M. B\u00e9ji Ca\u00efd Essebsi, Mme Yvonne Flour, Vice-Pr\u00e9sidente de l&rsquo;Universit\u00e9 Paris 1 Panth\u00e9on-Sorbonne, a soulign\u00e9 la place des disciplines juridiques dans la carri\u00e8re de l\u2019homme d\u2019Etat, \u00e9tudiant de la Facult\u00e9 de droit de l\u2019Universit\u00e9 de Paris de 1949 \u00e0 1952, militant de l\u2019ind\u00e9pendance de son pays puis artisan de la construction de l\u2019\u00c9tat-Nation et enfin acteur d\u00e9cisif depuis 2011 de la d\u00e9mocratisation de la Tunisie par le vote d\u2019une nouvelle constitution, la consolidation des libert\u00e9s et une opposition r\u00e9solue \u00e0 toutes les formes de l\u2019oppression et au terrorisme.<\/p>\n<p class=\"c5\"><img loading=\"lazy\" decoding=\"async\" src=\"\/uploads\/FCK_files\/Sorbonne4.jpg\" width=\"700\" height=\"467\" vspace=\"5\" hspace=\"5\" align=\"middle\" alt=\"\"\/><\/p>\n<h2 class=\"c7\">Hommage<\/h2>\n<p>\u00ab\u00a0C\u2019est une des traditions les plus marquantes \u00e0 Paris 1 que de d\u00e9cerner le titre de docteur honoris causa, non pas seulement \u00e0 des universitaires pour leur \u0153uvre scientifique, mais aussi \u00e0 des chefs d\u2019\u00e9tat ou des responsables politiques pour leur engagement. (\u2026) Tous ont eu \u00e0 accompagner leur pays dans des p\u00e9riodes de transition difficile et \u00e0 le conduire dans sa marche vers la d\u00e9mocratie et l\u2019\u00e9tat de droit. C\u2019est sur ce m\u00eame chemin qu\u2019il vous incombe aujourd\u2019hui d\u2019emmener la Tunisie. Nous esp\u00e9rons par la c\u00e9r\u00e9monie de ce soir vous exprimer notre respect et notre soutien dans ce cheminement.<\/p>\n<p>Vous quittez Paris \u00e0 la mi-juillet 1952 apr\u00e8s vos examens de licence, et vous rentrez \u00e0 Tunis o\u00f9 vous commencez une carri\u00e8re d\u2019avocat \u2013 dans le feu de la r\u00e9sistance, \u00e9crivez-vous. Vous allez en effet faire vos premi\u00e8res armes au barreau en d\u00e9fendant les militants de l\u2019ind\u00e9pendance de la Tunisie devant les tribunaux militaires fran\u00e7ais. Vous passez, \u00e9crivez-vous encore, vos matin\u00e9es au tribunal et vos apr\u00e8s-midi \u00e0 la prison. Autres croisements : vous plaiderez parfois avec des avocats fran\u00e7ais qui sont autant de grands noms du barreau : Maurice Gar\u00e7on, Pierre Mend\u00e9s-France, Leo Hamon, Jacques Isorni\u2026<\/p>\n<h2>A l&rsquo;\u00e9loquence incontest\u00e9e<\/h2>\n<p>Vous \u00eates un avocat \u00e0 l\u2019\u00e9loquence incontest\u00e9e. Tous vos proc\u00e8s, vous les gagnez, et si l\u2019on en croit la rumeur publique, tous les militants que vous avez d\u00e9fendus ont \u00e9t\u00e9 acquitt\u00e9s. Dans votre livre de m\u00e9moires, le bon grain et l\u2019ivraie, j\u2019ai relev\u00e9 ces passages qui me semblent exprimer de fa\u00e7on particuli\u00e8rement \u00e9clairante comment vous voyez les relations de la Tunisie ind\u00e9pendante avec l\u2019ancienne puissance coloniale. Je vous cite. Vous opposez le colonialisme en tant qu\u2019ordre politique pervers et la nation fran\u00e7aise, porteuse d\u2019une philosophie morale et politique de libert\u00e9, d\u2019\u00e9galit\u00e9 et de progr\u00e8s (p. 234). Un peu ironiquement, vous soulignez que vous (les Tunisiens) avez combattu le colonialisme en vous fondant sur les principes de l\u2019adversaire lui-m\u00eame. Et vous poursuivez : \u00ab si notre adversaire a d\u00fb admettre lui-m\u00eame la justesse de notre cause, c\u2019est pour mieux se plier \u00e0 ses propres principes \u00bb (p. 404). Je partage votre conviction : les principes, quand on les prend au s\u00e9rieux, sont les plus s\u00fbrs guides de l\u2019action.<\/p>\n<h2>La force de vos engagements et la coh\u00e9rence de vos choix<\/h2>\n<p>Juriste, vous \u00eates d\u2019abord un homme politique. Ce qui frappe quand on regarde votre longue carri\u00e8re, c\u2019est la force de vos engagements et la coh\u00e9rence de vos choix. Compagnon de longue date d\u2019Habib Bourguiba, vous \u00eates avant tout un esprit libre et fid\u00e8le \u00e0 vos convictions. Lorsque vous \u00eates en d\u00e9saccord avec votre pr\u00e9sident ou avec le gouvernement, vous quittez vos fonctions. Ainsi en 1972 vous d\u00e9missionnez de vos fonctions d\u2019ambassadeur \u00e0 Paris parce que vous constatez que la n\u00e9cessaire d\u00e9mocratisation des institutions tunisiennes est en panne. En 1994, vous vous retirez de la politique. Et quand vous quittez vos fonctions, vous revenez tout simplement \u00e0 votre robe d\u2019avocat. Comportement si rare, si on en juge par les m\u0153urs fran\u00e7aises, qu\u2019\u00e0 soi seul, il m\u00e9rite notre admiration.<\/p>\n<h2>L&rsquo;unique et grand succ\u00e8s au Conseil de S\u00e9curit\u00e9 de l&rsquo;ONU<\/h2>\n<p>Au cours d\u2019une carri\u00e8re particuli\u00e8rement riche et mouvement\u00e9e, vous avez \u00e9t\u00e9 successivement, ministre de l\u2019int\u00e9rieur, ministre de la d\u00e9fense, ministre des affaires \u00e9trang\u00e8res, ambassadeur \u00e0 Paris et \u00e0 Bonn, membre du Conseil constitutionnel, pr\u00e9sident de la Chambre des d\u00e9put\u00e9s. L\u2019un des moments les plus forts de votre histoire se situe en 1985, alors que vous \u00eates ministre des affaires \u00e9trang\u00e8res. Pr\u00e9cis\u00e9ment le 4 octobre 1985. A la suite de l\u2019op\u00e9ration Paix en Galil\u00e9e men\u00e9e par Isra\u00ebl au Liban en 1982, la direction de l\u2019OLP a d\u00fb se retirer en Tunisie. Le 1er octobre 85, l\u2019aviation isra\u00e9lienne bombarde le quartier d\u2019Hamman Chatt, o\u00f9 les palestiniens sont install\u00e9s. Le 4 octobre, vous obtenez le vote, par le conseil de s\u00e9curit\u00e9 de l\u2019ONU, d\u2019une r\u00e9solution qui condamne cette action isra\u00e9lienne comme une agression caract\u00e9ris\u00e9e. La r\u00e9solution est vot\u00e9e par 14 voix pour et une abstention. Les Etats- Unis se sont abstenus. C\u2019est la seule fois dans l\u2019histoire des nations unies que les \u00e9tats unis n\u2019ont pas oppos\u00e9 leur veto \u00e0 une r\u00e9solution condamnant Isra\u00ebl. Le succ\u00e8s diplomatique pour la Tunisie est \u00e9clatant.<\/p>\n<h2>Pour vous, le droit est une force et vous croyez dans la force du droit<\/h2>\n<p>En fait, il me semble que, pour vous, le droit est une force et vous croyez dans la force du droit. Comme le montre l\u2019\u00e9pisode que je viens de raconter, vous croyez en la force du droit pour assurer le droit des peuples, la stabilit\u00e9 dans les relations internationales, le r\u00e8glement pacifique des conflits. Avec Bourguiba, vous avez cru dans la force du droit pour affirmer l\u2019ind\u00e9pendance de la Tunisie en prenant appui sur la l\u00e9galit\u00e9 internationale. Vous avez cru dans la force du droit pour \u00e9difier un \u00e9tat, que vous vouliez d\u2019abord stable et ind\u00e9pendant, moderne, civil. L\u00e0-dessus aussi, vous vous expliquez clairement dans vos m\u00e9moires : pour la Tunisie dites-vous, la notion d\u2019\u00e9tat est centrale. Et si je vous lis bien, derri\u00e8re l\u2019\u00e9tat, c\u2019est aussi la nation, dont l\u2019\u00e9tat est l\u2019expression, qui dans votre esprit est centrale. A votre mani\u00e8re, vous \u00eates un peu le disciple d\u2019Ernest Renan. En tout cas, garantir l\u2019ind\u00e9pendance nationale, c\u2019est pour vous d\u2019abord refonder l\u2019\u00e9tat. En t\u00e9moigne l\u2019importance que vous avez toujours accord\u00e9e aux questions constitutionnelles.<\/p>\n<h2>Vous avez soutenu avec constance la d\u00e9mocratisation des institutions<\/h2>\n<p>Vous avez \u00e9t\u00e9 membre du premier conseil constitutionnel, cr\u00e9\u00e9 en Tunisie en 1987, et vous avez soutenu avec constance la d\u00e9mocratisation des institutions. Et lorsque vous prenez la t\u00eate du gouvernement provisoire apr\u00e8s le 14 janvier 2011 \u2013 ce 14 janvier que personne n\u2019avait vu venir, selon le mot d\u2019un de nos coll\u00e8gues de l\u2019universit\u00e9 de Tunis &#8211; votre premi\u00e8re pr\u00e9occupation est d\u2019appeler \u00e0 rompre avec la constitution ancienne et de convoquer une assembl\u00e9e constituante, aux travaux de laquelle vos propositions serviront de base. Vous avez assur\u00e9 dans la paix des \u00e9lections libres et transparentes, premier acte dans la marche vers la d\u00e9mocratisation.<\/p>\n<p>Vous croyez encore \u00e0 la force du droit pour assurer le d\u00e9veloppement de la Tunisie et r\u00e9former la soci\u00e9t\u00e9 en profondeur. De cette force l\u00e0, t\u00e9moigne les r\u00e9formes d\u2019ampleur consid\u00e9rable qui ont \u00e9t\u00e9 engag\u00e9es d\u00e9s lendemain de l\u2019ind\u00e9pendance, et qui ont contribu\u00e9 si fortement \u00e0 l\u2019\u00e9mancipation de la soci\u00e9t\u00e9 tunisienne. Une r\u00e9volution par la loi, pour reprendre une formule du doyen Carbonnier. R\u00e9forme de l\u2019organisation familiale et du statut de la femme par le code du statut personnel, r\u00e9forme de la justice par l\u2019unification du syst\u00e8me judiciaire, r\u00e9formes \u00e9conomiques, par exemple par l\u2019abolition de ces biens de main morte qu\u2019\u00e9taient les habous\u2026<\/p>\n<p class=\"c5\"><img loading=\"lazy\" decoding=\"async\" src=\"\/uploads\/FCK_files\/Sorbonne6.jpg\" width=\"720\" height=\"480\" vspace=\"5\" hspace=\"5\" align=\"middle\" alt=\"\"\/><\/p>\n<h2>Le bon grain de la libert\u00e9 l\u2019a finalement emport\u00e9<\/h2>\n<p>Et aujourd\u2019hui encore, c\u2019est parce que vous croyez \u00e0 la force du droit pour construire des institutions d\u00e9mocratiques et renouveler la dynamique de d\u00e9veloppement de la Tunisie que vous avez entrepris, avec l\u2019appel de Toun\u00e8s, de f\u00e9d\u00e9rer les forces r\u00e9formatrices et de repartir dans l\u2019ar\u00e8ne politique en acceptant le 8 juillet 2014 d\u2019\u00eatre le candidat \u00e0 la pr\u00e9sidence de la R\u00e9publique du parti Nidaa Tounes.<\/p>\n<p>Le bon grain de la libert\u00e9 l\u2019a finalement emport\u00e9, disiez vous r\u00e9cemment. Nous le savons tous, cependant, beaucoup reste \u00e0 faire et le chemin est ardu. Le 18 mars dernier 22 personnes sont tomb\u00e9es au mus\u00e9e du Bardo sous des balles terroristes. Deux mois plus t\u00f4t 17 personnes avaient \u00e9t\u00e9 tu\u00e9es \u00e0 Paris dans un attentat de m\u00eame nature. Des deux c\u00f4t\u00e9s de la M\u00e9diterran\u00e9e, ce sont bien nos libert\u00e9s fondamentales qui sont mises en cause, sous leurs formes les plus concr\u00e8tes : libert\u00e9 d\u2019expression, libert\u00e9 religieuse, libert\u00e9 d\u2019aller et venir tout simplement. Encore un croisement, tragique celui-l\u00e0, qui d\u00e9montre combien le destin de nos deux pays est indissolublement li\u00e9. Formons ensemble le v\u0153u que l\u2019ivraie de la violence ne parvienne pas \u00e0 \u00e9touffer les germes fragiles de la libert\u00e9 et du droit, et que, derri\u00e8re vous, la jeunesse tunisienne sache relever le flambeau que vous avez allum\u00e9.\u00a0\u00bb<br \/>\u00a0<\/p>\n<p>Auteur:<br \/>\n<a href=\"https:\/\/www.leaders.com.tn\/article\/27573-document-l-hommage-de-la-sorbonne-a-beji-caid-essebsi\">Cliquez ici pour lire l&rsquo;article depuis sa source.<\/a><\/p>\n","protected":false},"excerpt":{"rendered":"<p>Le mardi 7 avril 2015 restera grav\u00e9 dans la m\u00e9moire. Ce jour-l\u00e0, l\u2019ancien \u00e9tudiant de la Facult\u00e9 de Droit de Paris (1949 \u2013 1952), devenu premier pr\u00e9sident d\u00e9mocratiquement \u00e9lu de la Tunisie depuis des d\u00e9cennies \u00e9tait c\u00e9l\u00e9br\u00e9 par la Sorbonne qui lui d\u00e9cern\u00e9 son doctorat honoris Causa.\u00a0 \u25ba\u00a0Cliquez ici pour voir les photos et vid\u00e9os [&hellip;]<\/p>\n","protected":false},"author":1772,"featured_media":48367,"comment_status":"closed","ping_status":"closed","sticky":false,"template":"","format":"standard","meta":{"fifu_image_url":"","fifu_image_alt":"","footnotes":""},"categories":[73,55],"tags":[],"class_list":["post-48362","post","type-post","status-publish","format-standard","has-post-thumbnail","hentry","category-actualite","category-tunisie"],"_links":{"self":[{"href":"https:\/\/linitiative.ca\/International\/wp-json\/wp\/v2\/posts\/48362","targetHints":{"allow":["GET"]}}],"collection":[{"href":"https:\/\/linitiative.ca\/International\/wp-json\/wp\/v2\/posts"}],"about":[{"href":"https:\/\/linitiative.ca\/International\/wp-json\/wp\/v2\/types\/post"}],"author":[{"embeddable":true,"href":"https:\/\/linitiative.ca\/International\/wp-json\/wp\/v2\/users\/1772"}],"replies":[{"embeddable":true,"href":"https:\/\/linitiative.ca\/International\/wp-json\/wp\/v2\/comments?post=48362"}],"version-history":[{"count":0,"href":"https:\/\/linitiative.ca\/International\/wp-json\/wp\/v2\/posts\/48362\/revisions"}],"wp:featuredmedia":[{"embeddable":true,"href":"https:\/\/linitiative.ca\/International\/wp-json\/"}],"wp:attachment":[{"href":"https:\/\/linitiative.ca\/International\/wp-json\/wp\/v2\/media?parent=48362"}],"wp:term":[{"taxonomy":"category","embeddable":true,"href":"https:\/\/linitiative.ca\/International\/wp-json\/wp\/v2\/categories?post=48362"},{"taxonomy":"post_tag","embeddable":true,"href":"https:\/\/linitiative.ca\/International\/wp-json\/wp\/v2\/tags?post=48362"}],"curies":[{"name":"wp","href":"https:\/\/api.w.org\/{rel}","templated":true}]}}