{"id":48374,"date":"2019-07-25T06:00:00","date_gmt":"2019-07-25T10:00:00","guid":{"rendered":"https:\/\/linitiative.ca\/International\/migraine-ou-mal-de-tete-sachez-faire-la-difference\/"},"modified":"2019-07-25T06:00:00","modified_gmt":"2019-07-25T10:00:00","slug":"migraine-ou-mal-de-tete-sachez-faire-la-difference","status":"publish","type":"post","link":"https:\/\/linitiative.ca\/International\/migraine-ou-mal-de-tete-sachez-faire-la-difference\/","title":{"rendered":"Migraine ou mal de t\u00eate ? Sachez faire la diff\u00e9rence"},"content":{"rendered":"<p>Les maux de t\u00eate les plus courants sont ceux de tension et les migraines. Voici une description de ces deux types qui vous aidera \u00e0 faire la diff\u00e9rence.<\/p>\n<p>Mal de t\u00eate de tension : Les maux de t\u00eate de tension sont les plus courants. Ils se produisent habituellement de fa\u00e7on occasionnelle, mais ils peuvent devenir chroniques et se produire plus souvent. Ils affectent autant les hommes que les femmes, et m\u00eame les enfants.\u00a0<\/p>\n<p>Migraines : Les migraines sont des maux de t\u00eate r\u00e9currents, accompagn\u00e9s de naus\u00e9es, de vomissements et de sensibilit\u00e9 \u00e0 la lumi\u00e8re, au bruit et aux odeurs. Les femmes souffrent trois fois plus de migraines que les hommes, et ces maux de t\u00eate affectent surtout les adultes \u00e2g\u00e9s de 20 \u00e0 50 ans. Les migraines ont toutefois tendance \u00e0 diminuer avec les ann\u00e9es et deviennent moins douloureuses. Les analg\u00e9siques pour les migraines peuvent \u00eatre employ\u00e9s pour traiter la douleur associ\u00e9e aux migraines l\u00e9g\u00e8res \u00e0 mod\u00e9r\u00e9es car il y a peu de risque d&rsquo;interaction m\u00e9dicamenteuse. Si vous \u00eates sujet aux maux de t\u00eate, il est important de surveiller les facteurs d\u00e9clencheurs, comme le stress, une mauvaise alimentation et le manque de sommeil. Le stress qui accompagne les probl\u00e8mes financiers peut affecter l&rsquo;organisme. Il est donc important de veiller sur sa sant\u00e9 durant ces p\u00e9riodes difficiles. Consultez votre m\u00e9decin si vous avez constamment des maux de t\u00eate ou si leur gravit\u00e9 ou leur fr\u00e9quence augmente.<\/p>\n<p>Auteur:<br \/>\n<a href=\"https:\/\/www.lesoirdalgerie.com\/femme-magazine\/migraine-ou-mal-de-tete-sachez-faire-la-difference-27576\">Cliquez ici pour lire l&rsquo;article depuis sa source.<\/a><\/p>\n","protected":false},"excerpt":{"rendered":"<p>Les maux de t\u00eate les plus courants sont ceux de tension et les migraines. Voici une description de ces deux types qui vous aidera \u00e0 faire la diff\u00e9rence. Mal de t\u00eate de tension : Les maux de t\u00eate de tension sont les plus courants. Ils se produisent habituellement de fa\u00e7on occasionnelle, mais ils peuvent devenir [&hellip;]<\/p>\n","protected":false},"author":1741,"featured_media":0,"comment_status":"closed","ping_status":"closed","sticky":false,"template":"","format":"standard","meta":{"fifu_image_url":"","fifu_image_alt":"","footnotes":""},"categories":[73,53],"tags":[],"class_list":["post-48374","post","type-post","status-publish","format-standard","hentry","category-actualite","category-algerie"],"_links":{"self":[{"href":"https:\/\/linitiative.ca\/International\/wp-json\/wp\/v2\/posts\/48374","targetHints":{"allow":["GET"]}}],"collection":[{"href":"https:\/\/linitiative.ca\/International\/wp-json\/wp\/v2\/posts"}],"about":[{"href":"https:\/\/linitiative.ca\/International\/wp-json\/wp\/v2\/types\/post"}],"author":[{"embeddable":true,"href":"https:\/\/linitiative.ca\/International\/wp-json\/wp\/v2\/users\/1741"}],"replies":[{"embeddable":true,"href":"https:\/\/linitiative.ca\/International\/wp-json\/wp\/v2\/comments?post=48374"}],"version-history":[{"count":0,"href":"https:\/\/linitiative.ca\/International\/wp-json\/wp\/v2\/posts\/48374\/revisions"}],"wp:attachment":[{"href":"https:\/\/linitiative.ca\/International\/wp-json\/wp\/v2\/media?parent=48374"}],"wp:term":[{"taxonomy":"category","embeddable":true,"href":"https:\/\/linitiative.ca\/International\/wp-json\/wp\/v2\/categories?post=48374"},{"taxonomy":"post_tag","embeddable":true,"href":"https:\/\/linitiative.ca\/International\/wp-json\/wp\/v2\/tags?post=48374"}],"curies":[{"name":"wp","href":"https:\/\/api.w.org\/{rel}","templated":true}]}}