{"id":48380,"date":"2019-07-25T05:00:57","date_gmt":"2019-07-25T09:00:57","guid":{"rendered":"https:\/\/linitiative.ca\/International\/levee-du-controle-judiciaire-sur-me-dabouz-et-hadj-brahim-aouf\/"},"modified":"2019-07-25T05:00:57","modified_gmt":"2019-07-25T09:00:57","slug":"levee-du-controle-judiciaire-sur-me-dabouz-et-hadj-brahim-aouf","status":"publish","type":"post","link":"https:\/\/linitiative.ca\/International\/levee-du-controle-judiciaire-sur-me-dabouz-et-hadj-brahim-aouf\/","title":{"rendered":"Lev\u00e9e du contr\u00f4le judiciaire sur Me Dabouz et Hadj Brahim Aouf"},"content":{"rendered":"<h4 class=\"title-14\">L\u2019avocat a d\u00e9cid\u00e9 de poursuivre sa gr\u00e8ve<\/h4>\n<p class=\"p4\"><span class=\"s2\">L<\/span><span class=\"s1\">\u2019avocat et d\u00e9fenseur des droits de l\u2019homme Salah Dabouz et le syndicaliste Hadj Brahim Aouf ne sont plus soumis \u00e0 un contr\u00f4le judiciaire. Le juge d\u2019instruction de la premi\u00e8re chambre du tribunal de Gharda\u00efa a inform\u00e9 l\u2019avocat que son affaire a \u00e9t\u00e9 renvoy\u00e9e, sans instruction, devant le tribunal correctionnel.<\/span><\/p>\n<p class=\"p4\"><span class=\"s1\"><em>\u00abLe juge d\u2019instruction de la premi\u00e8re chambre m\u2019a inform\u00e9 que l\u2019affaire a \u00e9t\u00e9 renvoy\u00e9e devant le tribunal des d\u00e9lits et que de ce fait le contr\u00f4le judiciaire a \u00e9t\u00e9 lev\u00e9 pour moi et Aouf\u00bb<\/em>, a pr\u00e9cis\u00e9, hier, M<sup>e<\/sup> Dabouz, sur sa page Facebook.<\/span><\/p>\n<p class=\"p4\"><span class=\"s1\">Arr\u00eat\u00e9 le 7 avril dernier \u00e0 Alger, l\u2019avocat \u00e9tait soumis \u00e0 un contr\u00f4le judiciaire qui l\u2019obligeait \u00e0 se rendre trois fois par semaine \u00e0 Gharda\u00efa, alors qu\u2019il exerce et habite dans la capitale. L\u2019avocat, qui a \u00e9t\u00e9 accus\u00e9 dans la m\u00eame affaire que le militant Kamel Eddine Fekhar, d\u00e9c\u00e9d\u00e9 en d\u00e9tention le 28 mai dernier, a d\u00e9cid\u00e9 d\u2019entrer en gr\u00e8ve de la faim, cela fait depuis plus de 16 jours, pour d\u00e9noncer le refus de lever le contr\u00f4le par les instances judiciaires de Gharda\u00efa.<\/span><\/p>\n<p class=\"p4\"><span class=\"s1\">L\u2019enseignant et syndicaliste Hadj Brahim Aouf avait \u00e9t\u00e9 lib\u00e9r\u00e9 le 30 mai dernier apr\u00e8s le d\u00e9c\u00e8s de son cod\u00e9tenu Fekhar. Le comit\u00e9 de soutien \u00e0 M<sup>e<\/sup> Dabouz s\u2019est r\u00e9joui de cette <em>\u00abpremi\u00e8re victoire pour le d\u00e9fenseur des droits humains et avocat des sans-voix\u00a0!\u00bb<\/em> C\u2019est une <em>\u00abpremi\u00e8re victoire pour toutes les militantes et tous les militants des libert\u00e9s et de la d\u00e9mocratie !<\/em><\/span><\/p>\n<p class=\"p4\"><span class=\"s1\"><em>La solidarit\u00e9 active avec M<sup>e<\/sup>\u00a0Dabouz doit se renforcer et se poursuivre pour la lev\u00e9e de toutes les poursuites judiciaires \u00e0 son encontre ! Ma\u00eetre Salah Dabouz en est \u00e0 son 17<sup>e<\/sup> jour de gr\u00e8ve de la faim ! Soutenons ce combat qui est le n\u00f4tre. La mobilisation doit se poursuivre pour la lib\u00e9ration de tous les d\u00e9tenus d\u2019opinion. Restons solidaires et d\u00e9termin\u00e9s\u00bb<\/em>, appelle Zazi Sadou, membre active de ce comit\u00e9.<\/span><\/p>\n<p class=\"p4\"><span class=\"s1\">De son c\u00f4t\u00e9, le b\u00e2tonnier de Tizi Ouzou, Salah Brahimi, s\u2019est r\u00e9joui de la lev\u00e9e de la mesure judiciaire. <em>\u00abNous nous r\u00e9jouissons de la lev\u00e9e du contr\u00f4le judiciaire de notre confr\u00e8re M<sup>e<\/sup> Salah Dabouz et remercions tous ceux qui ont \u0153uvr\u00e9 pour cette juste revendication en attendant un non-lieu, une relaxe ou l\u2019abandon des poursuites judiciaires et assurons notre confr\u00e8re de notre soutien ind\u00e9fectible, lui souhaitant un bon r\u00e9tablissement\u00bb<\/em>, souligne le b\u00e2tonnier M<sup>e<\/sup> Brahimi, informant que le barreau de Tizi Ouzou sera pr\u00e9sent en force dimanche prochain, 28 juillet, pour d\u00e9fendre les citoyens d\u00e9tenus \u00e0 Chlef pour avoir brandi l\u2019embl\u00e8me amazigh.<\/span><\/p>\n<p class=\"p4\"><span class=\"s1\"><em>\u00abNous appelons nos ch\u00e8res cons\u0153urs et chers confr\u00e8res \u00e0 \u00eatre pr\u00e9sents lors de la marche du vendredi 26 juillet pour soutenir le mouvement citoyen et exiger la lib\u00e9ration de tous les d\u00e9tenus d\u2019opinion, surtout ceux arr\u00eat\u00e9s pour avoir brandi l\u2019embl\u00e8me amazigh. Aneddu anelhu alama yeghli udabu\u00bb<\/em>, poursuit-il. Malgr\u00e9 la lev\u00e9e de la mesure de contr\u00f4le judiciaire, M<sup>e<\/sup> Dabouz n\u2019est pas r\u00e9solu \u00e0 suspendre sa gr\u00e8ve de la faim, nous informait en fin de journ\u00e9e d\u2019hier Raouf Ra\u00efs, coordinateur du comit\u00e9 de soutien \u00e0 l\u2019avocat.<\/span><\/p>\n<p class=\"p4\"><strong><span class=\"s1\">Deux militants MDS devant le procureur \u00e0 Oran<\/span><\/strong><\/p>\n<p class=\"p6\"><span class=\"s1\">Deux militants du Mouvement d\u00e9mocratique et social (MDS) d\u2019Oran, Mohamed Hadj Brahim et Nasser Boukhari, sont convoqu\u00e9s pour compara\u00eetre aujourd\u2019hui devant le procureur de la R\u00e9publique pr\u00e8s le tribunal sis cit\u00e9 El Djamel \u00e0 Oran. <em>\u00abIls<\/em> (militants) <em>ont appris la nouvelle ce matin<\/em> (hier) <em>en allant voir le divisionnaire de la police pour r\u00e9clamer le mat\u00e9riel saisi, propri\u00e9t\u00e9 du MDS Oran, \u00e0 savoir un m\u00e9gaphone, des banderoles g\u00e9antes, un drapeau national et un embl\u00e8me amazigh. Le mat\u00e9riel a \u00e9t\u00e9 saisi \u00e0 leur arrestation pour quelques heures \u00e0 la fin de la manif\u2019 du vendredi 28 juin avec 11 jeunes\u00bb<\/em>, d\u00e9taille Abdelkrim Haouari, militant MDS sur sa page Facebook.<\/span><\/p>\n<p class=\"p8\"><span class=\"s1\">Ce dernier appelle \u00e0 la mobilisation pour la lib\u00e9ration des d\u00e9tenus. <em>\u00abMobilisons-nous demain devant le tribunal de la cit\u00e9 El Djamel, \u00e0 Oran, pour exprimer notre soutien et notre solidarit\u00e9 aux militants Mohamed Hadj Brahim et Nasser Boukhari\u00a0et pour que la justice \u00e0 Oran, \u00e0 travers le procureur de la R\u00e9publique qui va interroger et \u00e9couter nos les militants de la d\u00e9mocratie, se prononce pour la d\u00e9fense des droits des citoyens \u00e0 leurs libert\u00e9s d\u2019expression et de manifestation\u00bb<\/em>, met-il en avant, souhaitant la pr\u00e9sence et le soutien des avocats du barreau d\u2019Oran, qui affirment soutenir le hirak.<\/span><\/p>\n<p class=\"p8\"><span class=\"s1\">Le Parti pour la la\u00efcit\u00e9 et la d\u00e9mocratie (PLD) r\u00e9agit \u00e0 l\u2019arrestation en mettant en avant la duplicit\u00e9 du r\u00e9gime \u00e0 l\u2019occasion de cette affaire et d\u2019autres. <em>\u00abAu moment o\u00f9 le r\u00e9gime\/syst\u00e8me parle de dialogue et met en exergue ses vertus civilisationnelles, il m\u00e8ne une politique r\u00e9pressive contre toutes les voix discordantes et contre toutes et tous ceux qui s\u2019inscrivent \u00e0 contre-courant de sa propre feuille de route<\/em> (\u2026).<\/span><\/p>\n<p class=\"p8\"><span class=\"s1\"><em>En mon nom et en celui du Parti pour la la\u00efcit\u00e9 et la d\u00e9mocratie, nous exprimons notre soutien et notre solidarit\u00e9 ind\u00e9fectibles aux camarades et \u00e0 tous les d\u00e9tenus d\u2019opinion\u00bb<\/em>, signale Mustapha Hadni, coordinateur du PLD.<\/span><\/p>\n<p><span class=\"post-views-label\">Post Views:<\/span> <span class=\"post-views-count\">368<\/span><\/p>\n<p><br class=\"c4\"\/><\/p>\n<p>Auteur: Anis Khecheba<br \/>\n<a href=\"https:\/\/www.elwatan.com\/edition\/actualite\/levee-du-controle-judiciaire-sur-me-dabouz-et-hadj-brahim-aouf-25-07-2019\">Cliquez ici pour lire l&rsquo;article depuis sa source.<\/a><\/p>\n","protected":false},"excerpt":{"rendered":"<p>L\u2019avocat a d\u00e9cid\u00e9 de poursuivre sa gr\u00e8ve L\u2019avocat et d\u00e9fenseur des droits de l\u2019homme Salah Dabouz et le syndicaliste Hadj Brahim Aouf ne sont plus soumis \u00e0 un contr\u00f4le judiciaire. Le juge d\u2019instruction de la premi\u00e8re chambre du tribunal de Gharda\u00efa a inform\u00e9 l\u2019avocat que son affaire a \u00e9t\u00e9 renvoy\u00e9e, sans instruction, devant le tribunal [&hellip;]<\/p>\n","protected":false},"author":1743,"featured_media":0,"comment_status":"closed","ping_status":"closed","sticky":false,"template":"","format":"standard","meta":{"fifu_image_url":"","fifu_image_alt":"","footnotes":""},"categories":[73,53],"tags":[],"class_list":["post-48380","post","type-post","status-publish","format-standard","hentry","category-actualite","category-algerie"],"_links":{"self":[{"href":"https:\/\/linitiative.ca\/International\/wp-json\/wp\/v2\/posts\/48380","targetHints":{"allow":["GET"]}}],"collection":[{"href":"https:\/\/linitiative.ca\/International\/wp-json\/wp\/v2\/posts"}],"about":[{"href":"https:\/\/linitiative.ca\/International\/wp-json\/wp\/v2\/types\/post"}],"author":[{"embeddable":true,"href":"https:\/\/linitiative.ca\/International\/wp-json\/wp\/v2\/users\/1743"}],"replies":[{"embeddable":true,"href":"https:\/\/linitiative.ca\/International\/wp-json\/wp\/v2\/comments?post=48380"}],"version-history":[{"count":0,"href":"https:\/\/linitiative.ca\/International\/wp-json\/wp\/v2\/posts\/48380\/revisions"}],"wp:attachment":[{"href":"https:\/\/linitiative.ca\/International\/wp-json\/wp\/v2\/media?parent=48380"}],"wp:term":[{"taxonomy":"category","embeddable":true,"href":"https:\/\/linitiative.ca\/International\/wp-json\/wp\/v2\/categories?post=48380"},{"taxonomy":"post_tag","embeddable":true,"href":"https:\/\/linitiative.ca\/International\/wp-json\/wp\/v2\/tags?post=48380"}],"curies":[{"name":"wp","href":"https:\/\/api.w.org\/{rel}","templated":true}]}}