{"id":48382,"date":"2019-07-25T05:00:58","date_gmt":"2019-07-25T09:00:58","guid":{"rendered":"https:\/\/linitiative.ca\/International\/sahel-le-mali-renoue-avec-letat-hebreu\/"},"modified":"2019-07-25T05:00:58","modified_gmt":"2019-07-25T09:00:58","slug":"sahel-le-mali-renoue-avec-letat-hebreu","status":"publish","type":"post","link":"https:\/\/linitiative.ca\/International\/sahel-le-mali-renoue-avec-letat-hebreu\/","title":{"rendered":"Sahel : Le Mali renoue avec l\u2019Etat h\u00e9breu"},"content":{"rendered":"<h4 class=\"title-14\"\/>\n<p class=\"p3\"><span class=\"s3\"><strong>A l\u2019inverse de l\u2019Afrique du Sud qui envisage de r\u00e9duire ses relations diplomatiques avec l\u2019Etat h\u00e9breu, le Mali est dans une dynamique de r\u00e9chauffement.<\/strong><\/span><\/p>\n<p class=\"p5\"><span class=\"s3\"><strong>L<\/strong><\/span><span class=\"s3\">e Mali serait-il sur le point d\u2019embo\u00eeter le pas au Tchad et de normaliser ses relations diplomatiques avec Isra\u00ebl\u00a0? Tout semble l\u2019indiquer. Mais m\u00eame sans cela, l\u2019Etat malien ne semble plus voir d\u2019inconv\u00e9nient \u00e0 faire affaire avec l\u2019Etat h\u00e9breu.<\/span><\/p>\n<p class=\"p6\"><span class=\"s3\">La presse malienne rapporte, \u00e0 ce propos, que le 28 juin dernier, la ministre de l\u2019Economie num\u00e9rique et de la Prospective, Kamissa Camara, a re\u00e7u longuement en audience Albert Khayat, directeur commercial d\u2019Amos Spacecom, une soci\u00e9t\u00e9 isra\u00e9lienne bas\u00e9e \u00e0 Tel-Aviv, sp\u00e9cialis\u00e9e dans les VSAT. Le minist\u00e8re malien de l\u2019Economie num\u00e9rique et de la Prospective ne s\u2019en cache m\u00eame pas puisqu\u2019il explique, sur sa page Facebook, que l\u2019objectif de la rencontre \u00e9tait d\u2019avoir des d\u00e9tails sur Amos 17, le nouveau satellite d\u2019Amos Spacecom qui sera lanc\u00e9 ce 27 juillet de Cap Canaveral, en Floride.<\/span><\/p>\n<p class=\"p6\"><span class=\"s3\">Les autorit\u00e9s maliennes disent avoir demand\u00e9 \u00e9galement <em>\u00abl\u2019accompagnement du ministre dans la concr\u00e9tisation d\u2019une future convention entre Amos Spacecom, l\u2019Agetic et \u00e9ventuellement avec les autres structures dudit d\u00e9partement\u00bb.<\/em> Le directeur commercial d\u2019Amos Spacecom, indique la presse malienne, <em>\u00aba saisi l\u2019opportunit\u00e9 pour inviter le ministre ainsi qu\u2019Agetic \u00e0 la c\u00e9r\u00e9monie de lancement du satellite Amos 17\u00bb<\/em>. Kamissa Camara a rassur\u00e9, \u00e0 son tour, <em>\u00able partenaire de son enti\u00e8re disponibilit\u00e9 et de l\u2019engagement du gouvernement \u00e0 soutenir toute initiative visant \u00e0 d\u00e9senclaver notre pays et \u00e0 connecter tout le Mali et les zones rurales en particulier\u00bb<\/em>. En clair, le partenariat entre le Mali et Amos Spacecom s\u2019inscrit dans la dur\u00e9e.<\/span><\/p>\n<p class=\"p6\"><strong><span class=\"s3\">Interrogations<\/span><\/strong><\/p>\n<p class=\"p7\"><span class=\"s3\">Une partie de la presse malienne s\u2019est interrog\u00e9e sur l\u2019attitude de l\u2019ancienne ministre des Affaires \u00e9trang\u00e8res. Des observateurs locaux estiment qu\u2019il s\u2019agit l\u00e0 d\u2019<em>\u00abune normalisation qui ne dit pas son nom\u00bb<\/em>. Le site Bamada.net estime que Kamissa Camara <em>\u00abne peut ignorer que le Mali n\u2019a pas de relations diplomatiques et partenariales avec Isra\u00ebl\u00bb<\/em>. Aussi, poursuit-il, <em>\u00aben traitant directement et officiellement avec une soci\u00e9t\u00e9 isra\u00e9lienne, dans les locaux de son d\u00e9partement, l\u2019ancienne ministre des Affaires \u00e9trang\u00e8res n\u2019officialise-t-elle pas les liaisons longtemps soup\u00e7onn\u00e9es qui d\u00e9sormais rel\u00e8vent du secret de polichinelle\u2009?\u00bb<\/em> Et de s\u2019interroger\u00a0: <em>\u00abQuel empressement ont nos autorit\u00e9s \u00e0 se jeter dans les bras de l\u2019Etat h\u00e9breu\u2009? S\u2019agit-il, comme le laisse croire le communique du minist\u00e8re de l\u2019Economie num\u00e9rique et de la Prospective, seulement de \u2018\u2018d\u00e9senclaver notre pays et connecter tout le Mali et les zones rurales en particulier\u2019\u2019\u2009?\u00bb<\/em><\/span><\/p>\n<p class=\"p6\"><strong><span class=\"s3\">Politique du fait accompli<\/span><\/strong><\/p>\n<p class=\"p7\"><span class=\"s3\">La classe politique malienne s\u2019est \u00e9galement montr\u00e9e outr\u00e9e par l\u2019initiative de Kamissa Camara. L\u2019ancien ambassadeur du Mali aupr\u00e8s des Nations unies, aujourd\u2019hui pr\u00e9sident du Comit\u00e9 d\u2019organisation du dialogue politique inclusif, Cheickh Sidi Diarra, a ainsi demand\u00e9 \u00e0 conna\u00eetre les <em>\u00abmotivations justifiant l\u2019urgence\u00bb<\/em> de r\u00e9tablir les relations entre le Mali et Isra\u00ebl<em>. \u00abDes d\u00e9cisions de grande ampleur affectant la vie de la nation sont prises en catimini par ces temps de tumulte, o\u00f9 notre attention est plus port\u00e9e sur notre survie quotidienne que sur toutes autres consid\u00e9rations, a fortiori des actions de politique ext\u00e9rieure, qui int\u00e9ressent peu de gens.<\/em><\/span><\/p>\n<p class=\"p6\"><span class=\"s3\"><em>La politique du fait accompli semble le choix de nos gouvernants, que ce soit en mati\u00e8re de politique int\u00e9rieure ou de politique ext\u00e9rieure. Nous r\u00e9cusons cette fa\u00e7on de faire qui est loin d\u2019\u00eatre transparente\u00bb<\/em>, \u00e9crit-il dans une tribune publi\u00e9e dans la presse. Pour la presse malienne, la rencontre entre Kamissa Camara et Albert Khayat n\u2019est cependant pas vraiment une surprise. Elle rappelle qu\u2019en juin 2017, en marge du sommet de la Cedeao tenu les 3 et 4 juin \u00e0 Monrovia, le pr\u00e9sident Ibrahim Boubakar Keita avait re\u00e7u le Premier ministre isra\u00e9lien, Benjamin Netanyahu.<\/span><\/p>\n<p class=\"p6\"><span class=\"s3\">A l\u2019issue de la rencontre en t\u00eate-\u00e0-t\u00eate, pr\u00e9cise-t-elle, <em>\u00able bureau du Premier ministre isra\u00e9lien avait annonc\u00e9 qu\u2019Isra\u00ebl et le Mali avaient convenu de reconstruire leurs relations\u00bb<\/em>. Il \u00e9tait m\u00eame question que le Premier ministre malien se rende \u00e0 Tel-Aviv. Donc un projet de normalisation existait bel et bien. Il ne restait plus qu\u2019\u00e0 savoir quand allait d\u00e9buter le rapprochement entre les deux parties.<\/span><\/p>\n<p class=\"p6\"><span class=\"s3\">Comme nombre de pays de la r\u00e9gion, le Mali a, rappelle-t-on, rompu ses relations diplomatiques avec Isra\u00ebl au lendemain de la guerre isra\u00e9lo-arabe de 1973. De nombreuses capitales ont renou\u00e9 depuis avec Isra\u00ebl. Le Mali, fid\u00e8le \u00e0 la cause palestinienne, avait jusque-l\u00e0 \u00e9cart\u00e9 toute id\u00e9e de normalisation de ses relations avec l\u2019Etat h\u00e9breu, qui fait de la \u00abconqu\u00eate\u00bb de l\u2019Afrique une priorit\u00e9 depuis quelques ann\u00e9es d\u00e9j\u00e0.<\/span><\/p>\n<p><span class=\"post-views-label\">Post Views:<\/span> <span class=\"post-views-count\">604<\/span><\/p>\n<p><br class=\"c5\"\/><\/p>\n<p>Auteur: Anis Khecheba<br \/>\n<a href=\"https:\/\/www.elwatan.com\/edition\/international\/sahel-le-mali-renoue-avec-letat-hebreu-25-07-2019\">Cliquez ici pour lire l&rsquo;article depuis sa source.<\/a><\/p>\n","protected":false},"excerpt":{"rendered":"<p>A l\u2019inverse de l\u2019Afrique du Sud qui envisage de r\u00e9duire ses relations diplomatiques avec l\u2019Etat h\u00e9breu, le Mali est dans une dynamique de r\u00e9chauffement. Le Mali serait-il sur le point d\u2019embo\u00eeter le pas au Tchad et de normaliser ses relations diplomatiques avec Isra\u00ebl\u00a0? Tout semble l\u2019indiquer. Mais m\u00eame sans cela, l\u2019Etat malien ne semble plus [&hellip;]<\/p>\n","protected":false},"author":1743,"featured_media":0,"comment_status":"closed","ping_status":"closed","sticky":false,"template":"","format":"standard","meta":{"fifu_image_url":"","fifu_image_alt":"","footnotes":""},"categories":[73,53],"tags":[],"class_list":["post-48382","post","type-post","status-publish","format-standard","hentry","category-actualite","category-algerie"],"_links":{"self":[{"href":"https:\/\/linitiative.ca\/International\/wp-json\/wp\/v2\/posts\/48382","targetHints":{"allow":["GET"]}}],"collection":[{"href":"https:\/\/linitiative.ca\/International\/wp-json\/wp\/v2\/posts"}],"about":[{"href":"https:\/\/linitiative.ca\/International\/wp-json\/wp\/v2\/types\/post"}],"author":[{"embeddable":true,"href":"https:\/\/linitiative.ca\/International\/wp-json\/wp\/v2\/users\/1743"}],"replies":[{"embeddable":true,"href":"https:\/\/linitiative.ca\/International\/wp-json\/wp\/v2\/comments?post=48382"}],"version-history":[{"count":0,"href":"https:\/\/linitiative.ca\/International\/wp-json\/wp\/v2\/posts\/48382\/revisions"}],"wp:attachment":[{"href":"https:\/\/linitiative.ca\/International\/wp-json\/wp\/v2\/media?parent=48382"}],"wp:term":[{"taxonomy":"category","embeddable":true,"href":"https:\/\/linitiative.ca\/International\/wp-json\/wp\/v2\/categories?post=48382"},{"taxonomy":"post_tag","embeddable":true,"href":"https:\/\/linitiative.ca\/International\/wp-json\/wp\/v2\/tags?post=48382"}],"curies":[{"name":"wp","href":"https:\/\/api.w.org\/{rel}","templated":true}]}}