{"id":48387,"date":"2019-07-25T05:02:08","date_gmt":"2019-07-25T09:02:08","guid":{"rendered":"https:\/\/linitiative.ca\/International\/tizi-ouzou-reprise-de-la-production-a-leniem-le-1er-aout\/"},"modified":"2019-07-25T05:02:08","modified_gmt":"2019-07-25T09:02:08","slug":"tizi-ouzou-reprise-de-la-production-a-leniem-le-1er-aout","status":"publish","type":"post","link":"https:\/\/linitiative.ca\/International\/tizi-ouzou-reprise-de-la-production-a-leniem-le-1er-aout\/","title":{"rendered":"Tizi Ouzou :\u00a0Reprise de la production \u00e0 l\u2019Eniem le 1er ao\u00fbt"},"content":{"rendered":"<h4 class=\"title-14\"\/>\n<div class=\"featured_image\"><img width=\"800\" height=\"552\" data-cfsrc=\"https:\/\/www.elwatan.com\/wp-content\/uploads\/2019\/07\/Sans-titre-1-223.gif\" class=\"attachment-post-thumbnail size-post-thumbnail wp-post-image c2\" alt=\"\"\/><noscript><\/p>\n<p><img loading=\"lazy\" decoding=\"async\" width=\"800\" height=\"552\" src=\"https:\/\/www.elwatan.com\/wp-content\/uploads\/2019\/07\/Sans-titre-1-223.gif\" class=\"attachment-post-thumbnail size-post-thumbnail wp-post-image\" alt=\"\"\/><\/p>\n<p><\/noscript><\/div>\n<p class=\"p4\"><strong>La production au niveau de l\u2019Eniem est bloqu\u00e9e depuis le 1<sup>er<\/sup> juillet pour non-renouvellement de la licence d\u2019importation des s\u00e9lections CKD.<\/strong><\/p>\n<p class=\"p4\"><span class=\"s1\"><strong>A<\/strong><\/span><span class=\"s1\">pr\u00e8s un mois de mise en cong\u00e9 forc\u00e9 en raison de la suspension de la production, les employ\u00e9s de l\u2019Entreprise nationale des industries de l\u2019\u00e9lectrom\u00e9nager (Eniem) de Oued Aissi, dans la wilaya de Tizi Ouzou, reprendront le travail le 1<sup>er<\/sup> ao\u00fbt prochain. C\u2019est ce qu\u2019a d\u00e9clar\u00e9 \u00e0 la presse Djilali Mouazer, pr\u00e9sident-directeur g\u00e9n\u00e9ral de cette entreprise, qui vient, a-t-il soulign\u00e9, d\u2019obtenir les d\u00e9cisions d\u2019importation CDK.<\/span><\/p>\n<p class=\"p4\"><span class=\"s1\"><em>\u00abDonc, la reprise est fix\u00e9e, comme pr\u00e9vu, le 1<sup>er<\/sup> ao\u00fbt 2019. Nous allons r\u00e9cup\u00e9rer la mati\u00e8re premi\u00e8re d\u00e9j\u00e0 achet\u00e9e\u00bb<\/em>, a-t-il affirm\u00e9. Une r\u00e9union entre les responsables de l\u2019Eniem et les repr\u00e9sentants de la Banque ext\u00e9rieure d\u2019Alg\u00e9rie (BEA) devait avoir lieu hier, pour discuter du probl\u00e8me li\u00e9 \u00e0 l\u2019autorisation d\u2019utilisation de cr\u00e9dits bloqu\u00e9e par ladite banque. L\u2019entreprise est, pour rappel, \u00e9galement confront\u00e9e au probl\u00e8me li\u00e9 \u00e0 l\u2019indisponibilit\u00e9 des cr\u00e9dits, car l\u2019utilisation de ces derniers, m\u00eame pour l\u2019exploitation et le paiement des fournisseurs, est bloqu\u00e9e par la BEA.<\/span><\/p>\n<p class=\"p4\"><span class=\"s1\"><em>\u00abLe probl\u00e8me majeur de l\u2019Eniem est le blocage par la banque de l\u2019utilisation des cr\u00e9dits. Cette derni\u00e8re ne nous donne plus de cr\u00e9dits, m\u00eame pour l\u2019exploitation et les approvisionnements\u00bb<\/em>, avait d\u00e9clar\u00e9, dans un entretien accord\u00e9 \u00e0 <em>El Watan<\/em> jeudi dernier, le PDG Djilali Mouazer.<\/span><\/p>\n<p class=\"p4\"><span class=\"s1\">Il faut rappeler aussi que la production de l\u2019Eniem est bloqu\u00e9e depuis le 1<sup>er<\/sup> juillet pour non-renouvellement de la licence d\u2019importation des s\u00e9lections CKD par le minist\u00e8re de l\u2019Industrie et des Mines.<\/span><\/p>\n<p class=\"p4\"><span class=\"s1\">Cet arr\u00eat de travail a contraint la direction de l\u2019entreprise d\u2019accorder aux employ\u00e9s un cong\u00e9 annuel, par anticipation,\u00a0avec juste le maintien d\u2019un service minimum pour le service commercial et l\u2019administration, \u00e9tant donn\u00e9 que la mati\u00e8re premi\u00e8re destin\u00e9e \u00e0 la fabrication des climatiseurs, r\u00e9frig\u00e9rateurs et cuisini\u00e8res, entre autres, n\u2019\u00e9tait plus disponible au niveau des ateliers.<\/span><\/p>\n<p class=\"p4\"><span class=\"s1\">La situation que traverse ce fleuron de l\u2019industrie nationale des ann\u00e9es 1970 pr\u00e9occupe aussi les \u00e9lus de la r\u00e9gion. Le PDG de l\u2019Eniem a \u00e9t\u00e9 re\u00e7u, lundi, par le pr\u00e9sident de l\u2019Assembl\u00e9e populaire de wilaya de Tizi Ouzou, Youcef Aouchiche, qui a exprim\u00e9 le soutien et l\u2019enti\u00e8re solidarit\u00e9 de l\u2019APW avec la direction de l\u2019Eniem et ses ouvriers.<\/span><\/p>\n<p class=\"p4\"><span class=\"s1\"><em>\u00abL\u2019APW de Tizi\u00a0Ouzou consid\u00e8re que la pr\u00e9servation des emplois et des entreprises publiques \u00e9conomiques est une ligne rouge \u00e0 ne pas franchir et n\u2019acceptera jamais de faire payer au peuple et aux ouvriers les cons\u00e9quences d\u00e9sastreuses d\u2019une gestion mafieuse de l\u2019\u00e9conomie nationale\u00bb<\/em>, a soulign\u00e9 l\u2019APW dans une d\u00e9claration rendue publique,\u00e0 travers laquelle les responsables de l\u2019Assembl\u00e9e de wilaya ont lanc\u00e9 un appel <em>\u00aburgent \u00e0 toutes les parties concern\u00e9es, notamment la banque de domiciliation, pour d\u00e9bloquer la situation de l\u2019entreprise qui dispose d\u2019ailleurs d\u2019un carnet de commandes qui avoisine les 200\u00a0milliards de centimes\u00bb.<\/em><\/span><\/p>\n<p><span class=\"post-views-label\">Post Views:<\/span> <span class=\"post-views-count\">296<\/span><\/p>\n<p><br class=\"c4\"\/><\/p>\n<p>Auteur: Anis Khecheba<br \/>\n<a href=\"https:\/\/www.elwatan.com\/edition\/economie\/tizi-ouzou-reprise-de-la-production-a-leniem-le-1er-aout-25-07-2019\">Cliquez ici pour lire l&rsquo;article depuis sa source.<\/a><\/p>\n","protected":false},"excerpt":{"rendered":"<p>La production au niveau de l\u2019Eniem est bloqu\u00e9e depuis le 1er juillet pour non-renouvellement de la licence d\u2019importation des s\u00e9lections CKD. Apr\u00e8s un mois de mise en cong\u00e9 forc\u00e9 en raison de la suspension de la production, les employ\u00e9s de l\u2019Entreprise nationale des industries de l\u2019\u00e9lectrom\u00e9nager (Eniem) de Oued Aissi, dans la wilaya de Tizi [&hellip;]<\/p>\n","protected":false},"author":1743,"featured_media":48388,"comment_status":"closed","ping_status":"closed","sticky":false,"template":"","format":"standard","meta":{"fifu_image_url":"","fifu_image_alt":"","footnotes":""},"categories":[73,53],"tags":[],"class_list":["post-48387","post","type-post","status-publish","format-standard","has-post-thumbnail","hentry","category-actualite","category-algerie"],"_links":{"self":[{"href":"https:\/\/linitiative.ca\/International\/wp-json\/wp\/v2\/posts\/48387","targetHints":{"allow":["GET"]}}],"collection":[{"href":"https:\/\/linitiative.ca\/International\/wp-json\/wp\/v2\/posts"}],"about":[{"href":"https:\/\/linitiative.ca\/International\/wp-json\/wp\/v2\/types\/post"}],"author":[{"embeddable":true,"href":"https:\/\/linitiative.ca\/International\/wp-json\/wp\/v2\/users\/1743"}],"replies":[{"embeddable":true,"href":"https:\/\/linitiative.ca\/International\/wp-json\/wp\/v2\/comments?post=48387"}],"version-history":[{"count":0,"href":"https:\/\/linitiative.ca\/International\/wp-json\/wp\/v2\/posts\/48387\/revisions"}],"wp:featuredmedia":[{"embeddable":true,"href":"https:\/\/linitiative.ca\/International\/wp-json\/"}],"wp:attachment":[{"href":"https:\/\/linitiative.ca\/International\/wp-json\/wp\/v2\/media?parent=48387"}],"wp:term":[{"taxonomy":"category","embeddable":true,"href":"https:\/\/linitiative.ca\/International\/wp-json\/wp\/v2\/categories?post=48387"},{"taxonomy":"post_tag","embeddable":true,"href":"https:\/\/linitiative.ca\/International\/wp-json\/wp\/v2\/tags?post=48387"}],"curies":[{"name":"wp","href":"https:\/\/api.w.org\/{rel}","templated":true}]}}