{"id":48389,"date":"2019-07-25T07:53:03","date_gmt":"2019-07-25T11:53:03","guid":{"rendered":"https:\/\/linitiative.ca\/International\/tunisie-deces-de-bce-reaction-de-moncef-marzouki\/"},"modified":"2019-07-25T07:53:03","modified_gmt":"2019-07-25T11:53:03","slug":"tunisie-deces-de-bce-reaction-de-moncef-marzouki","status":"publish","type":"post","link":"https:\/\/linitiative.ca\/International\/tunisie-deces-de-bce-reaction-de-moncef-marzouki\/","title":{"rendered":"Tunisie \u2013 D\u00e9c\u00e8s de BCE\u00a0: R\u00e9action de Moncef Marzouki"},"content":{"rendered":"<div class=\"post-cont-in left relative\">\n<div class=\"swp_social_panel swp_horizontal_panel swp_flat_fresh swp_default_full_color swp_individual_full_color swp_other_full_color scale-100 scale-\" data-min-width=\"1100\" data-float-color=\"#ffffff\" data-float=\"none\" data-float-mobile=\"none\" data-transition=\"slide\">\n<div class=\"nc_tweetContainer swp_share_button total_shares total_sharesalt\"><span class=\"swp_count\">41 <span class=\"swp_label\">Partages<\/span><\/span><\/div>\n<\/div>\n<p>L\u2019ex-pr\u00e9sident provisoire de la R\u00e9publique, Mohamed Moncef Marzouki a r\u00e9agi \u00e0 l\u2019annonce du d\u00e9c\u00e8s du pr\u00e9sident B\u00e9ji Ca\u00efed Essebsi, en pr\u00e9sentant ses condol\u00e9ances \u00e0 la famille, aux proches du d\u00e9funt, et \u00e0 tout le peuple tunisien.<\/p>\n<p>Il a ajout\u00e9 que dans ces moments critiques, il faut faire pr\u00e9valoir la raison, et il faut \u00eatre \u00e0 un niveau sup\u00e9rieur \u00e0 celui o\u00f9 on \u00e9tait. La mort est plus grande et met un terme aux disputes, a-t-il pr\u00e9cis\u00e9.<\/p>\n<div class=\"code-block code-block-1 c5\"><ins class=\"adsbygoogle c4\" data-ad-layout=\"in-article\" data-ad-format=\"fluid\" data-ad-client=\"ca-pub-2102118777505746\" data-ad-slot=\"7301775417\"\/> <\/div>\n<p>Marzouki appelle les tunisiens \u00e0 s\u2019unir autour des institutions de l\u2019Etat et de s\u2019en remettre aux dispositions de la constitution, et rien que la constitution\u00a0!<\/p>\n<p><img loading=\"lazy\" decoding=\"async\" class=\"aligncenter size-full wp-image-450452\" src=\"https:\/\/www.tunisienumerique.com\/wp-content\/uploads\/2019\/07\/marzouki.jpg\" alt=\"\" width=\"523\" height=\"353\"\/><\/p>\n<div class=\"mvp-org-wrap mvp-org-logo\" itemprop=\"publisher\" itemscope=\"\" itemtype=\"https:\/\/schema.org\/Organization\"><img decoding=\"async\" src=\"https:\/\/www.tunisienumerique.com\/wp-content\/uploads\/2017\/02\/logo_tunisie_numerique.png\"\/><\/div>\n<div class=\"swp_social_panel swp_horizontal_panel swp_flat_fresh swp_default_full_color swp_individual_full_color swp_other_full_color scale-100 scale-\" data-min-width=\"1100\" data-float-color=\"#ffffff\" data-float=\"none\" data-float-mobile=\"none\" data-transition=\"slide\">\n<div class=\"nc_tweetContainer swp_share_button total_shares total_sharesalt\"><span class=\"swp_count\">41 <span class=\"swp_label\">Partages<\/span><\/span><\/div>\n<\/div>\n<div class=\"mvp-related-posts left relative\">\n<h4 class=\"post-header\"><span class=\"post-header\">Lire aussi<\/span><\/h4>\n<\/div>\n<\/div>\n<p>Auteur: LM<br \/>\n<a href=\"https:\/\/www.tunisienumerique.com\/tunisie-deces-de-bce-reaction-de-moncef-marzouki\/\">Cliquez ici pour lire l&rsquo;article depuis sa source.<\/a><\/p>\n","protected":false},"excerpt":{"rendered":"<p>41 Partages L\u2019ex-pr\u00e9sident provisoire de la R\u00e9publique, Mohamed Moncef Marzouki a r\u00e9agi \u00e0 l\u2019annonce du d\u00e9c\u00e8s du pr\u00e9sident B\u00e9ji Ca\u00efed Essebsi, en pr\u00e9sentant ses condol\u00e9ances \u00e0 la famille, aux proches du d\u00e9funt, et \u00e0 tout le peuple tunisien. Il a ajout\u00e9 que dans ces moments critiques, il faut faire pr\u00e9valoir la raison, et il faut [&hellip;]<\/p>\n","protected":false},"author":1789,"featured_media":48390,"comment_status":"closed","ping_status":"closed","sticky":false,"template":"","format":"standard","meta":{"fifu_image_url":"","fifu_image_alt":"","footnotes":""},"categories":[73,55],"tags":[],"class_list":["post-48389","post","type-post","status-publish","format-standard","has-post-thumbnail","hentry","category-actualite","category-tunisie"],"_links":{"self":[{"href":"https:\/\/linitiative.ca\/International\/wp-json\/wp\/v2\/posts\/48389","targetHints":{"allow":["GET"]}}],"collection":[{"href":"https:\/\/linitiative.ca\/International\/wp-json\/wp\/v2\/posts"}],"about":[{"href":"https:\/\/linitiative.ca\/International\/wp-json\/wp\/v2\/types\/post"}],"author":[{"embeddable":true,"href":"https:\/\/linitiative.ca\/International\/wp-json\/wp\/v2\/users\/1789"}],"replies":[{"embeddable":true,"href":"https:\/\/linitiative.ca\/International\/wp-json\/wp\/v2\/comments?post=48389"}],"version-history":[{"count":0,"href":"https:\/\/linitiative.ca\/International\/wp-json\/wp\/v2\/posts\/48389\/revisions"}],"wp:featuredmedia":[{"embeddable":true,"href":"https:\/\/linitiative.ca\/International\/wp-json\/"}],"wp:attachment":[{"href":"https:\/\/linitiative.ca\/International\/wp-json\/wp\/v2\/media?parent=48389"}],"wp:term":[{"taxonomy":"category","embeddable":true,"href":"https:\/\/linitiative.ca\/International\/wp-json\/wp\/v2\/categories?post=48389"},{"taxonomy":"post_tag","embeddable":true,"href":"https:\/\/linitiative.ca\/International\/wp-json\/wp\/v2\/tags?post=48389"}],"curies":[{"name":"wp","href":"https:\/\/api.w.org\/{rel}","templated":true}]}}