{"id":48391,"date":"2019-07-25T05:03:03","date_gmt":"2019-07-25T09:03:03","guid":{"rendered":"https:\/\/linitiative.ca\/International\/tizi-ouzou-une-centaine-de-departs-de-feu-depuis-dimanche\/"},"modified":"2019-07-25T05:03:03","modified_gmt":"2019-07-25T09:03:03","slug":"tizi-ouzou-une-centaine-de-departs-de-feu-depuis-dimanche","status":"publish","type":"post","link":"https:\/\/linitiative.ca\/International\/tizi-ouzou-une-centaine-de-departs-de-feu-depuis-dimanche\/","title":{"rendered":"Tizi Ouzou :\u00a0Une centaine de d\u00e9parts de feu depuis dimanche"},"content":{"rendered":"<h4 class=\"title-14\"\/>\n<div class=\"featured_image\"><img width=\"800\" height=\"533\" data-cfsrc=\"https:\/\/www.elwatan.com\/wp-content\/uploads\/2019\/07\/Sans-titre-1-226.gif\" class=\"attachment-post-thumbnail size-post-thumbnail wp-post-image c2\" alt=\"\"\/><noscript><\/p>\n<p><img loading=\"lazy\" decoding=\"async\" width=\"800\" height=\"533\" src=\"https:\/\/www.elwatan.com\/wp-content\/uploads\/2019\/07\/Sans-titre-1-226.gif\" class=\"attachment-post-thumbnail size-post-thumbnail wp-post-image\" alt=\"\"\/><\/p>\n<p><\/noscript><\/div>\n<p class=\"p3\"><span class=\"s2\"><strong>L<\/strong><\/span><span class=\"s2\">e massif forestier de la wilaya de Tizi Ouzou est en proie aux flammes depuis plusieurs jours. D\u2019importants incendies sont signal\u00e9s quotidiennement. Mardi, deux h\u00e9licopt\u00e8res bombardiers d\u2019eau de l\u2019unit\u00e9 a\u00e9rienne de la Protection civile ont \u00e9t\u00e9 mobilis\u00e9s, en plus d\u2019importants moyens, comme l\u2019unit\u00e9 mobile de Tizi Ouzou, afin de ma\u00eetriser un grand incendie s\u2019\u00e9tant d\u00e9clar\u00e9 le m\u00eame jour \u00e0 Thala Guilef, en plein c\u0153ur du Parc national du Djurdjura (PND).<\/span><\/p>\n<p class=\"p3\"><span class=\"s2\">Une trentaine d\u2019hectares de for\u00eats sont partis en fum\u00e9e dans cette partie de la commune de Boghni, \u00e0 une quarantaine de kilom\u00e8tres au sud-ouest de la wilaya.<span class=\"Apple-converted-space\">\u00a0<\/span> Cinquante autres incendies ont \u00e9t\u00e9 d\u00e9plor\u00e9s durant la m\u00eame journ\u00e9e \u00e0 travers une vingtaine de communes de la wilaya o\u00f9 130 ha de for\u00eat, broussailles et maquis ont br\u00fbl\u00e9. Plus de 1500 arbres fruitiers ont \u00e9t\u00e9 d\u00e9truits, rapportait hier matin un communiqu\u00e9 de la Protection civile relatif \u00e0 la situation des incendies.<\/span><\/p>\n<p class=\"p3\"><span class=\"s2\">Les communes les plus touch\u00e9es sont notamment celles de Tizi Ouzou, Ouadhias, Tigzirt, Beni A\u00efssi, Beni Douala, Boghni, Illilten, Yakouren, Tirmitine, A\u00eft Toudert et A\u00eft Yahia. Dans la da\u00efra de Bouzegu\u00e8ne, plusieurs habitations ont \u00e9t\u00e9 menac\u00e9es par les flammes, apprend-on de sources locales. Elles ont \u00e9t\u00e9 \u00e9pargn\u00e9es gr\u00e2ce aux efforts des \u00e9l\u00e9ments de la Protection civile conjugu\u00e9s \u00e0 ceux de la conservation des for\u00eats et de la population locale. <em>\u00ab51 d\u00e9parts de feu ont \u00e9t\u00e9 enregistr\u00e9s par nos services durant la journ\u00e9e du 23 juillet, dont 18 importants. Ils ont tous \u00e9t\u00e9 \u00e9teints\u00bb,<\/em> a ajout\u00e9 la m\u00eame source.<\/span><\/p>\n<p class=\"p3\"><span class=\"s2\">La hausse des temp\u00e9ratures qui s\u00e9vit depuis plusieurs jours fait craindre le pire et la population redoute la reproduction du sc\u00e9nario v\u00e9cu en 2017, o\u00f9 les flammes ont d\u00e9vor\u00e9 des centaines d\u2019hectares et une dizaine de maisons ont br\u00fbl\u00e9 dans plusieurs localit\u00e9s. L\u2019Assembl\u00e9e populaire de la wilaya de Tizi Ouzou a annonc\u00e9 avant-hier l\u2019installation d\u2019une cellule de crise pour le suivi de la situation des incendies \u00e0 travers les diff\u00e9rentes communes.<\/span><\/p>\n<p class=\"p3\"><span class=\"s2\">Le pr\u00e9sident de l\u2019APW, Youcef Aouchiche, s\u2019est rendu mardi dans plusieurs localit\u00e9s concern\u00e9es par les feux o\u00f9 il a constat\u00e9 l\u2019ampleur des d\u00e9g\u00e2ts. <em>\u00abL\u2019APW de Tizi Ouzou d\u00e9plore encore une fois un manque flagrant dans les moyens utilis\u00e9s dans la lutte contre les incendies, ce qui a rendu tr\u00e8s d\u00e9licate la t\u00e2che des \u00e9l\u00e9ments de la Protection civile\u00bb<\/em>, note l\u2019Assembl\u00e9e populaire de wilaya sur sa page Facebook, saluant <em>\u00ables \u00e9l\u00e9ments de la Protection civile pour les efforts intenses qu\u2019ils fournissent et \u00e0 la population qui s\u2019est engag\u00e9e activement pour venir \u00e0 bout des incendies\u00bb.<\/em><\/span><\/p>\n<p class=\"p3\"><span class=\"s2\">Depuis le d\u00e9but de la semaine, une centaine de d\u00e9parts de feu ont \u00e9t\u00e9 signal\u00e9s, selon les communiqu\u00e9s de la Protection civile. Depuis dimanche, environ 200 ha de for\u00eat et maquis ont br\u00fbl\u00e9 ainsi que plus de 2000 arbres fruitiers. La Protection civile a d\u00e9voil\u00e9 un autre bilan relatif \u00e0 la p\u00e9riode allant du 1<sup>er<\/sup> juin au 15\u00a0juillet, o\u00f9 99 incendies ont \u00e9t\u00e9 recens\u00e9s.\u00a0<\/span><\/p>\n<p><span class=\"post-views-label\">Post Views:<\/span> <span class=\"post-views-count\">852<\/span><\/p>\n<p><br class=\"c4\"\/><\/p>\n<p>Auteur: Anis Khecheba<br \/>\n<a href=\"https:\/\/www.elwatan.com\/edition\/actualite\/tizi-ouzou-une-centaine-de-departs-de-feu-depuis-dimanche-25-07-2019\">Cliquez ici pour lire l&rsquo;article depuis sa source.<\/a><\/p>\n","protected":false},"excerpt":{"rendered":"<p>Le massif forestier de la wilaya de Tizi Ouzou est en proie aux flammes depuis plusieurs jours. D\u2019importants incendies sont signal\u00e9s quotidiennement. Mardi, deux h\u00e9licopt\u00e8res bombardiers d\u2019eau de l\u2019unit\u00e9 a\u00e9rienne de la Protection civile ont \u00e9t\u00e9 mobilis\u00e9s, en plus d\u2019importants moyens, comme l\u2019unit\u00e9 mobile de Tizi Ouzou, afin de ma\u00eetriser un grand incendie s\u2019\u00e9tant d\u00e9clar\u00e9 [&hellip;]<\/p>\n","protected":false},"author":1743,"featured_media":48392,"comment_status":"closed","ping_status":"closed","sticky":false,"template":"","format":"standard","meta":{"fifu_image_url":"","fifu_image_alt":"","footnotes":""},"categories":[73,53],"tags":[],"class_list":["post-48391","post","type-post","status-publish","format-standard","has-post-thumbnail","hentry","category-actualite","category-algerie"],"_links":{"self":[{"href":"https:\/\/linitiative.ca\/International\/wp-json\/wp\/v2\/posts\/48391","targetHints":{"allow":["GET"]}}],"collection":[{"href":"https:\/\/linitiative.ca\/International\/wp-json\/wp\/v2\/posts"}],"about":[{"href":"https:\/\/linitiative.ca\/International\/wp-json\/wp\/v2\/types\/post"}],"author":[{"embeddable":true,"href":"https:\/\/linitiative.ca\/International\/wp-json\/wp\/v2\/users\/1743"}],"replies":[{"embeddable":true,"href":"https:\/\/linitiative.ca\/International\/wp-json\/wp\/v2\/comments?post=48391"}],"version-history":[{"count":0,"href":"https:\/\/linitiative.ca\/International\/wp-json\/wp\/v2\/posts\/48391\/revisions"}],"wp:featuredmedia":[{"embeddable":true,"href":"https:\/\/linitiative.ca\/International\/wp-json\/"}],"wp:attachment":[{"href":"https:\/\/linitiative.ca\/International\/wp-json\/wp\/v2\/media?parent=48391"}],"wp:term":[{"taxonomy":"category","embeddable":true,"href":"https:\/\/linitiative.ca\/International\/wp-json\/wp\/v2\/categories?post=48391"},{"taxonomy":"post_tag","embeddable":true,"href":"https:\/\/linitiative.ca\/International\/wp-json\/wp\/v2\/tags?post=48391"}],"curies":[{"name":"wp","href":"https:\/\/api.w.org\/{rel}","templated":true}]}}