{"id":48393,"date":"2019-07-25T05:06:47","date_gmt":"2019-07-25T09:06:47","guid":{"rendered":"https:\/\/linitiative.ca\/International\/le-pouvoir-saccroche-a-la-presidentielle\/"},"modified":"2019-07-25T05:06:47","modified_gmt":"2019-07-25T09:06:47","slug":"le-pouvoir-saccroche-a-la-presidentielle","status":"publish","type":"post","link":"https:\/\/linitiative.ca\/International\/le-pouvoir-saccroche-a-la-presidentielle\/","title":{"rendered":"Le pouvoir s\u2019accroche \u00e0 la pr\u00e9sidentielle"},"content":{"rendered":"<h4 class=\"title-14\">Tout en invitant au dialogue pour mettre fin \u00e0 la crise<\/h4>\n<div class=\"featured_image\"><img width=\"1000\" height=\"502\" data-cfsrc=\"https:\/\/www.elwatan.com\/wp-content\/uploads\/2019\/07\/UNEEEEE-7.gif\" class=\"attachment-post-thumbnail size-post-thumbnail wp-post-image c2\" alt=\"\"\/><noscript><\/p>\n<p><img loading=\"lazy\" decoding=\"async\" width=\"1000\" height=\"502\" src=\"https:\/\/www.elwatan.com\/wp-content\/uploads\/2019\/07\/UNEEEEE-7.gif\" class=\"attachment-post-thumbnail size-post-thumbnail wp-post-image\" alt=\"\"\/><\/p>\n<p><\/noscript><\/div>\n<p class=\"p1\"><span class=\"s1\">Seule l\u2019organisation d\u2019une \u00e9lection pr\u00e9sidentielle dans un d\u00e9lai \u00abraisonnable\u00bb serait, selon le pouvoir, \u00e0 m\u00eame de mettre fin \u00e0 la crise politique que traverse le pays.\u00a0<\/span><span class=\"s1\">Le pouvoir est \u00e0 la recherche d\u2019un \u00abconsensus\u00bb qui na\u00eetrait d\u2019un dialogue qu\u2019il veut le plus large possible afin d\u2019\u00e9viter de r\u00e9\u00e9diter l\u2019\u00e9chec des deux scrutins pr\u00e9c\u00e9dents.<\/span><\/p>\n<p class=\"p1\"><strong>Le pouvoir attend l\u2019\u00e9mergence de ce panel qui organiserait le dialogue.\u00a0<\/strong><strong>Des consultations sont en cours concernant la composante de ce panel.<\/strong><\/p>\n<p class=\"p3\"><span class=\"s2\"><strong>L<\/strong><\/span><span class=\"s2\">e pouvoir d\u00e9fend mordicus sa feuille de route qui repose sur l\u2019organisation d\u2019une \u00e9lection pr\u00e9sidentielle dans un d\u00e9lai tr\u00e8s court afin, pense-t-il, de pouvoir mettre fin \u00e0 la crise. Il estime que le temps presse et que chaque jour qui passe est une journ\u00e9e perdue pour le pays. Faire revenir l\u2019Alg\u00e9rie \u00e0 la normalit\u00e9 constitutionnelle avec un Pr\u00e9sident \u00abbien \u00e9lu\u00bb, dans un processus \u00abincontestable\u00bb est son objectif principal.<\/span><\/p>\n<p class=\"p4\"><span class=\"s2\">Et il met tout son poids dans la balance pour la faire fl\u00e9chir du c\u00f4t\u00e9 de cette \u00absolution\u00bb qu\u2019il juge comme la \u00abmoins on\u00e9reuse\u00bb pour le pays. Ses arguments\u00a0? Il en avance plus d\u2019un. La crise \u00e9conomique en serait un. Son r\u00e8glement est vital et urgent. Mais il ne peut se faire dans le contexte de crise politique actuelle. Il faut donc, pour le pouvoir, solutionner le probl\u00e8me politique pour prendre en charge la crise \u00e9conomique profonde.<\/span><\/p>\n<p class=\"p4\"><span class=\"s2\">Et de toutes les solutions mises sur la table, il consid\u00e8re que la tenue de l\u2019\u00e9lection pr\u00e9sidentielle au plus vite est, pour le pouvoir, celle qui sied le mieux au contexte g\u00e9n\u00e9ral du pays. La Constituante, d\u00e9fendue ardemment par des forces politiques de l\u2019opposition, bien que jug\u00e9e <em>\u00abl\u00e9gitime pour ceux qui la proposent\u00bb,<\/em> pourrait<em>,<\/em> aux yeux des d\u00e9cideurs, faire durer la crise et par cons\u00e9quence minimiser les chances que le pays se rel\u00e8ve de cette <em>\u00absituation extr\u00eamement grave et sensible\u00bb.<\/em><\/span><\/p>\n<p class=\"p4\"><span class=\"s2\">Mais la marge de man\u0153uvre des tenants du pouvoir reste malgr\u00e9 tout r\u00e9duite. Il ne cache d\u2019ailleurs pas sa hantise de voir se r\u00e9\u00e9diter l\u2019\u00e9chec de la pr\u00e9sidentielle du 4 juillet. Il ne peut, conc\u00e8de-t-il, se permettre de rater un autre rendez-vous avec la pr\u00e9sidentielle \u2013 ce serait le troisi\u00e8me ratage du genre \u2013 sans compromettre toutes les chances de sortie de crise.<\/span><\/p>\n<p class=\"p4\"><span class=\"s2\">Ainsi donc, les d\u00e9cideurs misent tout sur la r\u00e9ussite de ce retour \u00e0 l\u2019urne pour entamer \u2013 du moins l\u2019esp\u00e8rent-ils \u2013 la nouvelle ann\u00e9e, 2020, avec un Pr\u00e9sident \u00e9lu \u00e0 la t\u00eate du pays. Pour cr\u00e9dibiliser sa d\u00e9marche dont il dit avoir le souci, le pouvoir se refuse donc de jouer un quelconque r\u00f4le dans l\u2019organisation des \u00e9lections ainsi que l\u2019a exprim\u00e9 pr\u00e9c\u00e9demment le chef de l\u2019Etat, Abdelkader Bensalah.<\/span><\/p>\n<p class=\"p4\"><span class=\"s2\"><em>\u00abIl est dans l\u2019int\u00e9r\u00eat strat\u00e9gique de l\u2019Etat que ces \u00e9lections ne soient pas contest\u00e9es\u00bb<\/em>, estime le secr\u00e9taire g\u00e9n\u00e9ral de la Pr\u00e9sidence, Noureddine Ayadi, lors d\u2019un \u00e9change mardi avec quelques titres de la presse nationale au palais d\u2019El Mouradia.<\/span><\/p>\n<p class=\"p4\"><span class=\"s2\">Le pouvoir veut donc endosser l\u2019organisation de cette pr\u00e9sidentielle \u00e0 une <em>\u00abinstance autonome\u00bb<\/em> qui sera cr\u00e9\u00e9e et mise en place selon le \u00abv\u0153u\u00bb et la \u00abvolont\u00e9\u00bb des acteurs politiques. Cette instance, propos\u00e9e par le chef de l\u2019Etat, sera donc le r\u00e9sultat du dialogue que le pouvoir esp\u00e8re amorcer rapidement. Pour ce faire, il s\u2019attelle \u00e0 cr\u00e9er <em>\u00abun consensus le plus large possible\u00bb<\/em> en tablant sur les forces politiques d\u00e9j\u00e0 favorables au retour direct au processus \u00e9lectoral, avec bien \u00e9videmment des pr\u00e9alables et des exigences sur le plan organisationnel de ce futur rendez-vous \u00e9lectoral.<\/span><\/p>\n<p class=\"p4\"><span class=\"s2\">La premi\u00e8re \u00e9tape est donc ce \u00abpanel\u00bb de dialogue, qui doit \u00e9maner de la soci\u00e9t\u00e9 civile. Mais par quel automatisme\u00a0? Le pouvoir attend l\u2019\u00e9mergence de ce panel qui organiserait ce dialogue. Des consultations sont en cours actuellement par rapport \u00e0 la composante de ce panel.<\/span><\/p>\n<p class=\"p4\"><span class=\"s2\">On attend l\u2019\u00e9mergence d\u2019une liste de personnalit\u00e9s que l\u2019Etat devra cautionner. Pour aller vite, le pouvoir encourage certaines initiatives, comme celle du Front national pour le changement, de Abderrahmane Arar, qui a propos\u00e9 13 personnalit\u00e9s pouvant faire partie de ce panel. Mais sa d\u00e9marche n\u2019a pas eu le succ\u00e8s voulu, puisque des personnalit\u00e9s, comme Djamila Bouhired et Ahmed Taleb Ibrahimi, refusent de faire partie de ce panel. Cela ne d\u00e9courage cependant pas le pouvoir qui maintient le processus tout en appelant \u00e0 ne pas \u00absurdimensionner\u00bb le r\u00f4le de ce panel qui sera celui de facilitation du dialogue.<\/span><\/p>\n<p class=\"p4\"><span class=\"s2\">Ce dernier qu\u2019il veut \u00eatre de nature \u00e0 r\u00e9tablir la <em>\u00abconfiance\u00a0 des citoyens\u00bb.<\/em> Quid des mesures d\u2019apaisement r\u00e9clam\u00e9es par les forces politiques et la soci\u00e9t\u00e9 civile pour s\u2019engager dans un processus de dialogue\u00a0? Le pouvoir semble dire : <em>\u00abVenez d\u2019abord au dialogue et posez ensuite vos pr\u00e9alables.\u00bb<\/em> En face, le hirak, qui reste le moteur de la revendication pour le changement du syst\u00e8me politique, n\u2019a pas encore dit son dernier mot. M\u00eame s\u2019il ne semble pas pr\u00eat \u00e0 courir un quelconque risque de perdre cette chance de faire \u00e9merger une nouvelle Alg\u00e9rie d\u00e9mocratique.<\/span><\/p>\n<p><span class=\"post-views-label\">Post Views:<\/span> <span class=\"post-views-count\">2\u00a0500<\/span><\/p>\n<p><br class=\"c4\"\/><\/p>\n<p>Auteur: Anis Khecheba<br \/>\n<a href=\"https:\/\/www.elwatan.com\/edition\/actualite\/le-pouvoir-saccroche-a-la-presidentielle-25-07-2019\">Cliquez ici pour lire l&rsquo;article depuis sa source.<\/a><\/p>\n","protected":false},"excerpt":{"rendered":"<p>Tout en invitant au dialogue pour mettre fin \u00e0 la crise Seule l\u2019organisation d\u2019une \u00e9lection pr\u00e9sidentielle dans un d\u00e9lai \u00abraisonnable\u00bb serait, selon le pouvoir, \u00e0 m\u00eame de mettre fin \u00e0 la crise politique que traverse le pays.\u00a0Le pouvoir est \u00e0 la recherche d\u2019un \u00abconsensus\u00bb qui na\u00eetrait d\u2019un dialogue qu\u2019il veut le plus large possible afin [&hellip;]<\/p>\n","protected":false},"author":1743,"featured_media":48394,"comment_status":"closed","ping_status":"closed","sticky":false,"template":"","format":"standard","meta":{"fifu_image_url":"","fifu_image_alt":"","footnotes":""},"categories":[73,53],"tags":[],"class_list":["post-48393","post","type-post","status-publish","format-standard","has-post-thumbnail","hentry","category-actualite","category-algerie"],"_links":{"self":[{"href":"https:\/\/linitiative.ca\/International\/wp-json\/wp\/v2\/posts\/48393","targetHints":{"allow":["GET"]}}],"collection":[{"href":"https:\/\/linitiative.ca\/International\/wp-json\/wp\/v2\/posts"}],"about":[{"href":"https:\/\/linitiative.ca\/International\/wp-json\/wp\/v2\/types\/post"}],"author":[{"embeddable":true,"href":"https:\/\/linitiative.ca\/International\/wp-json\/wp\/v2\/users\/1743"}],"replies":[{"embeddable":true,"href":"https:\/\/linitiative.ca\/International\/wp-json\/wp\/v2\/comments?post=48393"}],"version-history":[{"count":0,"href":"https:\/\/linitiative.ca\/International\/wp-json\/wp\/v2\/posts\/48393\/revisions"}],"wp:featuredmedia":[{"embeddable":true,"href":"https:\/\/linitiative.ca\/International\/wp-json\/"}],"wp:attachment":[{"href":"https:\/\/linitiative.ca\/International\/wp-json\/wp\/v2\/media?parent=48393"}],"wp:term":[{"taxonomy":"category","embeddable":true,"href":"https:\/\/linitiative.ca\/International\/wp-json\/wp\/v2\/categories?post=48393"},{"taxonomy":"post_tag","embeddable":true,"href":"https:\/\/linitiative.ca\/International\/wp-json\/wp\/v2\/tags?post=48393"}],"curies":[{"name":"wp","href":"https:\/\/api.w.org\/{rel}","templated":true}]}}