{"id":48395,"date":"2019-07-25T08:32:54","date_gmt":"2019-07-25T12:32:54","guid":{"rendered":"https:\/\/linitiative.ca\/International\/paris-rencontre-sur-les-migrations-en-mediterranee\/"},"modified":"2019-07-25T08:32:54","modified_gmt":"2019-07-25T12:32:54","slug":"paris-rencontre-sur-les-migrations-en-mediterranee","status":"publish","type":"post","link":"https:\/\/linitiative.ca\/International\/paris-rencontre-sur-les-migrations-en-mediterranee\/","title":{"rendered":"Paris: Rencontre sur \u00ables Migrations en M\u00e9diterran\u00e9e\u00bb"},"content":{"rendered":"<p class=\"c4\"><span class=\"c3\"><strong><span class=\"c2\">Q<\/span>uatre jours apr\u00e8s leur rencontre \u00e0 Helsinki, les ministres de l\u2019Int\u00e9rieur et des Affaires \u00e9trang\u00e8res de quatorze Etats membres de l\u2019Union europ\u00e9enne se sont retrouv\u00e9s, ce lundi 22 juillet, \u00e0 Paris pour d\u00e9battre de la question des \u00abMigrations en M\u00e9diterran\u00e9e\u00bb, source de bien des tensions internes principalement avec l\u2019Italie qui se plaint d\u2019avoir \u00e0 faire face seule au flux de migrants qui se d\u00e9verse continuellement sur ses c\u00f4tes.<\/strong><\/span><\/p>\n<p class=\"c4\">D\u2019ailleurs, apr\u00e8s avoir adress\u00e9 \u00e0 son homologue fran\u00e7ais, Christophe Castaner, un courrier o\u00f9 il d\u00e9plore que les d\u00e9cisions ayant trait \u00e0 la gestion de la crise migratoire soient \u00abprises seulement \u00e0 Paris et Berlin\u00bb, le ministre italien de l\u2019int\u00e9rieur, Matteo Salvini, n\u2019a pas jug\u00e9 bon de participer \u00e0 cette rencontre qu\u2019il a qualifi\u00e9e de \u00abflop\u00bb dans la mesure o\u00f9, \u00e0 ses yeux, les participants se sont content\u00e9s de \u00abr\u00e9affirmer que l\u2019Italie devrait continuer \u00e0 \u00eatre le camp de r\u00e9fugi\u00e9s de l\u2019Europe\u00bb.<\/p>\n<p class=\"c4\">Rappelant que c\u2019est l\u2019absence du \u00abpartage du fardeau\u00bb de l\u2019accueil qui met l\u2019Italie dans l\u2019obligation de fermer ses ports, Matteo Salvini a d\u00e9clar\u00e9, dans un communiqu\u00e9, que la r\u00e9union de Paris est un \u00e9chec d\u00e8s lors que \u00abl\u2019Italie ne re\u00e7oit pas d\u2019ordres\u00bb. Aussi, ce dernier a-t-il appel\u00e9 le pr\u00e9sident fran\u00e7ais \u00e0 venir \u00abaussi \u00e0 Rome\u00bb s\u2019il veut \u00abdiscuter des immigr\u00e9s\u00bb.<\/p>\n<p class=\"c4\">Mais quoiqu\u2019en dise le ministre italien, l\u2019objectif de cette rencontre \u00e9tait bel et bien, selon une source proche du dossier, de parvenir, en Septembre \u00e0 Malte, \u00e0 un accord \u00absur un m\u00e9canisme permettant d\u2019assurer plus d\u2019efficacit\u00e9 et plus d\u2019humanisme dans les d\u00e9barquements des migrants en M\u00e9diterran\u00e9e\u00bb. Aussi, sous l\u2019impulsion de Paris et de Berlin, les participants \u00e0 cette r\u00e9union ont-ils convenu d\u2019arr\u00eater la liste des pays qui vont s\u2019engager \u00e0 se r\u00e9partir syst\u00e9matiquement l\u2019accueil des personnes secourues sans, pour cela, \u00eatre oblig\u00e9s d\u2019engager de lourdes n\u00e9gociations apr\u00e8s chaque sauvetage. En contrepartie de l\u2019ouverture des ports de l\u2019Italie et de Malte, le m\u00e9canisme retenu va donc permettre de r\u00e9partir les migrants secourus en les acheminant rapidement vers les pays faisant partie de la \u00abcoalition de volontaires\u00bb.<\/p>\n<p class=\"c4\">Dans la conf\u00e9rence de presse donn\u00e9e par le pr\u00e9sident fran\u00e7ais \u00e0 l\u2019issue de cette rencontre et apr\u00e8s son entrevue avec le Haut Commissaire de l\u2019ONU pour les r\u00e9fugi\u00e9s Filippo Grandi et le Directeur G\u00e9n\u00e9ral de l\u2019Organisation Internationale pour les Migrations (OIM), Antonio Manuel de Carvalho Ferreira Vitorini, Emmanuel Macron a d\u00e9clar\u00e9 que les participants ont donn\u00e9\u00a0\u00a0leur accord de principe au \u00abm\u00e9canisme de solidarit\u00e9\u00bb de r\u00e9partition des migrants pr\u00e9sent\u00e9 par Paris et Berlin. Le pr\u00e9sident fran\u00e7ais a tenu, \u00e9galement, \u00e0 faire \u00e9tat de la participation \u00abactive\u00bb de huit d\u2019entre eux\u00a0\u2013 \u00e0 savoir, la France, l\u2019Allemagne, le Portugal, le Luxembourg, la Finlande, la Lituanie, la Croatie et l\u2019Irlande \u2013 et \u00e0 pr\u00e9ciser qu\u2019apr\u00e8s avoir \u00abconsolid\u00e9 le m\u00e9canisme de r\u00e9partition \u00e0 court terme\u00bb dont l\u2019objectif est justement de mettre fin aux bras-de-fer \u00e0 r\u00e9p\u00e9titions avec Rome, les participants \u00e0 la r\u00e9union de Paris ont voulu \u00aballer plus loin (\u2026) en responsabilisant l\u2019ensemble des pays-membres\u00bb et en acc\u00e9l\u00e9rant le \u00abretour\u00bb des migrants qui \u00abn\u2019ont pas vocation \u00e0 l\u2019asile\u00bb.<\/p>\n<p class=\"c4\">Consid\u00e9rant, par ailleurs, que \u00abl\u2019Europe n\u2019est pas \u00e0 la carte lorsqu\u2019il s\u2019agit de la solidarit\u00e9\u00bb, le pr\u00e9sident fran\u00e7ais a souhait\u00e9 que \u00abl\u2019ensemble des pays-membres participent\u00bb au programme arr\u00eat\u00e9 dont l\u2019ex\u00e9cution reste, bien entendu, subordonn\u00e9e \u00e0 l\u2019octroi d\u2019une partie des fonds structurels de l\u2019Union Europ\u00e9enne.<\/p>\n<p class=\"c4\">Enfin, bien que faisant \u00e9tat de son inqui\u00e9tude quant \u00e0 la diminution de \u00abla capacit\u00e9 de sauvetage\u00bb des migrants qui tentent la travers\u00e9e de la M\u00e9diterran\u00e9e centrale, Filippo Grandi le Haut Commissaire de l\u2019ONU pour les r\u00e9fugi\u00e9s a tenu, toutefois, \u00e0 saluer l\u2019avanc\u00e9e r\u00e9alis\u00e9e lors de la r\u00e9union de ce lundi \u00e0 Paris.<\/p>\n<p class=\"c4\">Une r\u00e9partition \u00ab\u00e9quitable\u00bb du fardeau de l\u2019accueil des migrants qui \u00e9chouent sur les c\u00f4tes italiennes va-t-elle r\u00e9ellement voir le jour apr\u00e8s cette rencontre et \u00abpousser\u00bb l\u2019Italie \u00e0 ouvrir ses ports\u00a0\u00e0 l\u2019important flux migratoire \u00e0 destination du vieux continent? Attendons pour voir\u2026<\/p>\n<p class=\"c5\"><strong>Nabil El Bousaadi<\/strong><\/p>\n<p>Auteur: M&rsquo;hammed rahal<br \/>\n<a href=\"http:\/\/albayane.press.ma\/paris-rencontre-sur-les-migrations-en-mediterranee.html\">Cliquez ici pour lire l&rsquo;article depuis sa source.<\/a><\/p>\n","protected":false},"excerpt":{"rendered":"<p>Quatre jours apr\u00e8s leur rencontre \u00e0 Helsinki, les ministres de l\u2019Int\u00e9rieur et des Affaires \u00e9trang\u00e8res de quatorze Etats membres de l\u2019Union europ\u00e9enne se sont retrouv\u00e9s, ce lundi 22 juillet, \u00e0 Paris pour d\u00e9battre de la question des \u00abMigrations en M\u00e9diterran\u00e9e\u00bb, source de bien des tensions internes principalement avec l\u2019Italie qui se plaint d\u2019avoir \u00e0 faire [&hellip;]<\/p>\n","protected":false},"author":1760,"featured_media":0,"comment_status":"closed","ping_status":"closed","sticky":false,"template":"","format":"standard","meta":{"fifu_image_url":"","fifu_image_alt":"","footnotes":""},"categories":[73,54],"tags":[],"class_list":["post-48395","post","type-post","status-publish","format-standard","hentry","category-actualite","category-maroc"],"_links":{"self":[{"href":"https:\/\/linitiative.ca\/International\/wp-json\/wp\/v2\/posts\/48395","targetHints":{"allow":["GET"]}}],"collection":[{"href":"https:\/\/linitiative.ca\/International\/wp-json\/wp\/v2\/posts"}],"about":[{"href":"https:\/\/linitiative.ca\/International\/wp-json\/wp\/v2\/types\/post"}],"author":[{"embeddable":true,"href":"https:\/\/linitiative.ca\/International\/wp-json\/wp\/v2\/users\/1760"}],"replies":[{"embeddable":true,"href":"https:\/\/linitiative.ca\/International\/wp-json\/wp\/v2\/comments?post=48395"}],"version-history":[{"count":0,"href":"https:\/\/linitiative.ca\/International\/wp-json\/wp\/v2\/posts\/48395\/revisions"}],"wp:attachment":[{"href":"https:\/\/linitiative.ca\/International\/wp-json\/wp\/v2\/media?parent=48395"}],"wp:term":[{"taxonomy":"category","embeddable":true,"href":"https:\/\/linitiative.ca\/International\/wp-json\/wp\/v2\/categories?post=48395"},{"taxonomy":"post_tag","embeddable":true,"href":"https:\/\/linitiative.ca\/International\/wp-json\/wp\/v2\/tags?post=48395"}],"curies":[{"name":"wp","href":"https:\/\/api.w.org\/{rel}","templated":true}]}}