{"id":48396,"date":"2019-07-25T06:38:48","date_gmt":"2019-07-25T10:38:48","guid":{"rendered":"https:\/\/linitiative.ca\/International\/le-president-tunisien-beji-caid-essebsi-est-mort\/"},"modified":"2019-07-25T06:38:48","modified_gmt":"2019-07-25T10:38:48","slug":"le-president-tunisien-beji-caid-essebsi-est-mort","status":"publish","type":"post","link":"https:\/\/linitiative.ca\/International\/le-president-tunisien-beji-caid-essebsi-est-mort\/","title":{"rendered":"Le pr\u00e9sident tunisien B\u00e9ji Ca\u00efd Essebsi est mort"},"content":{"rendered":"<h4 class=\"title-14\"\/>\n<div class=\"featured_image\"><img width=\"640\" height=\"366\" data-cfsrc=\"https:\/\/www.elwatan.com\/wp-content\/uploads\/2019\/07\/essebsi.jpg\" class=\"attachment-post-thumbnail size-post-thumbnail wp-post-image c2\" alt=\"\" srcset=\"https:\/\/www.elwatan.com\/wp-content\/uploads\/2019\/07\/essebsi.jpg 640w, https:\/\/www.elwatan.com\/wp-content\/uploads\/2019\/07\/essebsi-300x172.jpg 300w\" sizes=\"(max-width: 640px) 100vw, 640px\"\/><noscript><\/p>\n<p><img loading=\"lazy\" decoding=\"async\" width=\"640\" height=\"366\" src=\"https:\/\/www.elwatan.com\/wp-content\/uploads\/2019\/07\/essebsi.jpg\" class=\"attachment-post-thumbnail size-post-thumbnail wp-post-image\" alt=\"\" srcset=\"https:\/\/www.elwatan.com\/wp-content\/uploads\/2019\/07\/essebsi.jpg 640w, https:\/\/www.elwatan.com\/wp-content\/uploads\/2019\/07\/essebsi-300x172.jpg 300w\" sizes=\"auto, (max-width: 640px) 100vw, 640px\"\/><\/p>\n<p><\/noscript> <span class=\"featured-image-caption\">Le pr\u00e9sident tunisien B\u00e9ji Ca\u00efd Essebsi.<\/span><\/div>\n<p>Le pr\u00e9sident tunisien B\u00e9ji Caid Essebsi, est d\u00e9c\u00e9d\u00e9 aujourd\u2019hui jeudi, \u00e0 l\u2019\u00e2ge de 92 ans.<\/p>\n<p>\u00ab\u00a0Le pr\u00e9sident de la R\u00e9publique <a href=\"https:\/\/www.elwatan.com\/edition\/international\/tunisie-beji-caid-essebsi-refuse-de-signer-les-amendements-de-la-loi-electorale-21-07-2019\">B\u00e9ji Caid Essebsi<\/a> est d\u00e9c\u00e9d\u00e9, aujourd\u2019hui jeudi, \u00e0 10h25, \u00e0 l\u2019h\u00f4pital militaire\u00a0\u00bb, a annonc\u00e9 la Pr\u00e9sidence tunisienne dans un communiqu\u00e9.<\/p>\n<p><span class=\"post-views-label\">Post Views:<\/span> <span class=\"post-views-count\">1\u00a0141<\/span><\/p>\n<p><br class=\"c5\"\/><\/p>\n<p>Auteur: Farouk Djouadi<br \/>\n<a href=\"https:\/\/www.elwatan.com\/edition\/international\/le-president-tunisien-beji-caid-essebsi-est-mort-25-07-2019\">Cliquez ici pour lire l&rsquo;article depuis sa source.<\/a><\/p>\n","protected":false},"excerpt":{"rendered":"<p>Le pr\u00e9sident tunisien B\u00e9ji Ca\u00efd Essebsi. Le pr\u00e9sident tunisien B\u00e9ji Caid Essebsi, est d\u00e9c\u00e9d\u00e9 aujourd\u2019hui jeudi, \u00e0 l\u2019\u00e2ge de 92 ans. \u00ab\u00a0Le pr\u00e9sident de la R\u00e9publique B\u00e9ji Caid Essebsi est d\u00e9c\u00e9d\u00e9, aujourd\u2019hui jeudi, \u00e0 10h25, \u00e0 l\u2019h\u00f4pital militaire\u00a0\u00bb, a annonc\u00e9 la Pr\u00e9sidence tunisienne dans un communiqu\u00e9. Post Views: 1\u00a0141 Auteur: Farouk Djouadi Cliquez ici pour [&hellip;]<\/p>\n","protected":false},"author":1743,"featured_media":48397,"comment_status":"closed","ping_status":"closed","sticky":false,"template":"","format":"standard","meta":{"fifu_image_url":"","fifu_image_alt":"","footnotes":""},"categories":[73,53],"tags":[],"class_list":["post-48396","post","type-post","status-publish","format-standard","has-post-thumbnail","hentry","category-actualite","category-algerie"],"_links":{"self":[{"href":"https:\/\/linitiative.ca\/International\/wp-json\/wp\/v2\/posts\/48396","targetHints":{"allow":["GET"]}}],"collection":[{"href":"https:\/\/linitiative.ca\/International\/wp-json\/wp\/v2\/posts"}],"about":[{"href":"https:\/\/linitiative.ca\/International\/wp-json\/wp\/v2\/types\/post"}],"author":[{"embeddable":true,"href":"https:\/\/linitiative.ca\/International\/wp-json\/wp\/v2\/users\/1743"}],"replies":[{"embeddable":true,"href":"https:\/\/linitiative.ca\/International\/wp-json\/wp\/v2\/comments?post=48396"}],"version-history":[{"count":0,"href":"https:\/\/linitiative.ca\/International\/wp-json\/wp\/v2\/posts\/48396\/revisions"}],"wp:featuredmedia":[{"embeddable":true,"href":"https:\/\/linitiative.ca\/International\/wp-json\/"}],"wp:attachment":[{"href":"https:\/\/linitiative.ca\/International\/wp-json\/wp\/v2\/media?parent=48396"}],"wp:term":[{"taxonomy":"category","embeddable":true,"href":"https:\/\/linitiative.ca\/International\/wp-json\/wp\/v2\/categories?post=48396"},{"taxonomy":"post_tag","embeddable":true,"href":"https:\/\/linitiative.ca\/International\/wp-json\/wp\/v2\/tags?post=48396"}],"curies":[{"name":"wp","href":"https:\/\/api.w.org\/{rel}","templated":true}]}}