{"id":48401,"date":"2019-07-25T08:14:10","date_gmt":"2019-07-25T12:14:10","guid":{"rendered":"https:\/\/linitiative.ca\/International\/tunisie-video-mohamed-ennaceur-annonce-quil-prend-linterim-de-bce\/"},"modified":"2019-07-25T08:14:10","modified_gmt":"2019-07-25T12:14:10","slug":"tunisie-video-mohamed-ennaceur-annonce-quil-prend-linterim-de-bce","status":"publish","type":"post","link":"https:\/\/linitiative.ca\/International\/tunisie-video-mohamed-ennaceur-annonce-quil-prend-linterim-de-bce\/","title":{"rendered":"Tunisie \u2013 VIDEO\u00a0: Mohamed Ennaceur annonce qu\u2019il prend l\u2019int\u00e9rim de BCE"},"content":{"rendered":"<div class=\"post-cont-in left relative\">\n<div class=\"swp_social_panel swp_horizontal_panel swp_flat_fresh swp_default_full_color swp_individual_full_color swp_other_full_color scale-100 scale-\" data-min-width=\"1100\" data-float-color=\"#ffffff\" data-float=\"none\" data-float-mobile=\"none\" data-transition=\"slide\">\n<div class=\"nc_tweetContainer swp_share_button total_shares total_sharesalt\"><span class=\"swp_count\">128 <span class=\"swp_label\">Partages<\/span><\/span><\/div>\n<\/div>\n<p>Le pr\u00e9sident de l\u2019Assembl\u00e9e des Repr\u00e9sentants du peuple a annonc\u00e9, dans une s\u00e9quence vid\u00e9o, o\u00f9 il paraissait accompagn\u00e9 de Youssef Chahed, chef du gouvernement, le d\u00e9c\u00e8s du pr\u00e9sident de la R\u00e9publique, dont il a salu\u00e9 l\u2019action. Il a ajout\u00e9 que, conform\u00e9ment aux dispositions de la constitution, il assume, \u00e0 partir de ce moment l\u2019int\u00e9rim de la pr\u00e9sidence.<\/p>\n<div class=\"code-block code-block-1 c6\"><ins class=\"adsbygoogle c5\" data-ad-layout=\"in-article\" data-ad-format=\"fluid\" data-ad-client=\"ca-pub-2102118777505746\" data-ad-slot=\"7301775417\"\/> <\/div>\n<div class=\"mvp-org-wrap mvp-org-logo\" itemprop=\"publisher\" itemscope=\"\" itemtype=\"https:\/\/schema.org\/Organization\"><img decoding=\"async\" src=\"https:\/\/www.tunisienumerique.com\/wp-content\/uploads\/2017\/02\/logo_tunisie_numerique.png\"\/><\/div>\n<div class=\"swp_social_panel swp_horizontal_panel swp_flat_fresh swp_default_full_color swp_individual_full_color swp_other_full_color scale-100 scale-\" data-min-width=\"1100\" data-float-color=\"#ffffff\" data-float=\"none\" data-float-mobile=\"none\" data-transition=\"slide\">\n<div class=\"nc_tweetContainer swp_share_button total_shares total_sharesalt\"><span class=\"swp_count\">128 <span class=\"swp_label\">Partages<\/span><\/span><\/div>\n<\/div>\n<div class=\"mvp-related-posts left relative\">\n<h4 class=\"post-header\"><span class=\"post-header\">Lire aussi<\/span><\/h4>\n<\/div>\n<\/div>\n<p>Auteur: LM<br \/>\n<a href=\"https:\/\/www.tunisienumerique.com\/tunisie-video-mohamed-ennaceur-annonce-quil-prend-linterim-de-bce\/\">Cliquez ici pour lire l&rsquo;article depuis sa source.<\/a><\/p>\n","protected":false},"excerpt":{"rendered":"<p>128 Partages Le pr\u00e9sident de l\u2019Assembl\u00e9e des Repr\u00e9sentants du peuple a annonc\u00e9, dans une s\u00e9quence vid\u00e9o, o\u00f9 il paraissait accompagn\u00e9 de Youssef Chahed, chef du gouvernement, le d\u00e9c\u00e8s du pr\u00e9sident de la R\u00e9publique, dont il a salu\u00e9 l\u2019action. Il a ajout\u00e9 que, conform\u00e9ment aux dispositions de la constitution, il assume, \u00e0 partir de ce moment [&hellip;]<\/p>\n","protected":false},"author":1789,"featured_media":48402,"comment_status":"closed","ping_status":"closed","sticky":false,"template":"","format":"standard","meta":{"fifu_image_url":"","fifu_image_alt":"","footnotes":""},"categories":[73,55],"tags":[],"class_list":["post-48401","post","type-post","status-publish","format-standard","has-post-thumbnail","hentry","category-actualite","category-tunisie"],"_links":{"self":[{"href":"https:\/\/linitiative.ca\/International\/wp-json\/wp\/v2\/posts\/48401","targetHints":{"allow":["GET"]}}],"collection":[{"href":"https:\/\/linitiative.ca\/International\/wp-json\/wp\/v2\/posts"}],"about":[{"href":"https:\/\/linitiative.ca\/International\/wp-json\/wp\/v2\/types\/post"}],"author":[{"embeddable":true,"href":"https:\/\/linitiative.ca\/International\/wp-json\/wp\/v2\/users\/1789"}],"replies":[{"embeddable":true,"href":"https:\/\/linitiative.ca\/International\/wp-json\/wp\/v2\/comments?post=48401"}],"version-history":[{"count":0,"href":"https:\/\/linitiative.ca\/International\/wp-json\/wp\/v2\/posts\/48401\/revisions"}],"wp:featuredmedia":[{"embeddable":true,"href":"https:\/\/linitiative.ca\/International\/wp-json\/"}],"wp:attachment":[{"href":"https:\/\/linitiative.ca\/International\/wp-json\/wp\/v2\/media?parent=48401"}],"wp:term":[{"taxonomy":"category","embeddable":true,"href":"https:\/\/linitiative.ca\/International\/wp-json\/wp\/v2\/categories?post=48401"},{"taxonomy":"post_tag","embeddable":true,"href":"https:\/\/linitiative.ca\/International\/wp-json\/wp\/v2\/tags?post=48401"}],"curies":[{"name":"wp","href":"https:\/\/api.w.org\/{rel}","templated":true}]}}